{"id":1270,"date":"2019-06-05T18:32:47","date_gmt":"2019-06-05T16:32:47","guid":{"rendered":"https:\/\/qys.sk\/?p=1270"},"modified":"2021-03-18T09:06:17","modified_gmt":"2021-03-18T08:06:17","slug":"andrej-dubravsky-ked-ludia-vedia-ze-obraz-namaloval-gej-pozeraju-sa-nan-inak","status":"publish","type":"post","link":"https:\/\/duhovyrok.sk\/qys\/andrej-dubravsky-ked-ludia-vedia-ze-obraz-namaloval-gej-pozeraju-sa-nan-inak\/","title":{"rendered":"Andrej D\u00fabravsk\u00fd: Ke\u010f \u013eudia vedia, \u017ee obraz nama\u013eoval gej, pozeraj\u00fa sa na\u0148 inak"},"content":{"rendered":"<p>Na z\u00e1kladnej \u0161kole chcel by\u0165 pr\u00edrodovedcom, potom sn\u00edval, \u017ee bude ako Michelangelo oslobodzova\u0165 otrokov z\u00a0kame\u0148a. Andreja D\u00fabravsk\u00e9ho v\u0161ak napokon zl\u00e1kala ma\u013eba, ktor\u00fa do\u0161tudoval na V\u0160VU v\u00a0roku 2013. Verejnos\u0165 zaujal v\u00fdstavami v\u00a0m\u00e4siarstve, na Zlat\u00fdch pieskoch \u010di v\u00a0priestoroch petr\u017ealsk\u00e9ho \u201emetra\u201c. Hoci moment\u00e1lne svojou tvorbou odkazuje na environment\u00e1lne t\u00e9my, \u013eudia v\u00a0nej st\u00e1le h\u013eadaj\u00fa fakt, \u017ee je gej.<\/p>\n<p><b>Ak\u00e9 boli va\u0161e v\u00fdtvarn\u00e9 za\u010diatky?<\/b><\/p>\n<p><span style=\"font-weight: 400\">Vraj u\u017e ke\u010f som mal dva roky, tak mi matka dala ceruzku a nakreslil som prasnicu s\u00a0prasiatkami. Mala tak\u00e9 picassovsk\u00e9 o\u010di, \u017ee hoci st\u00e1la bokom, pozerala sa spredu. Doma boli z\u00a0toho diela v\u0161etci hotov\u00ed. <\/span><\/p>\n<p><span style=\"font-weight: 400\">Takmer cel\u00fa z\u00e1kladn\u00fa \u0161kolu som chcel by\u0165 pr\u00edrodovedec. Ka\u017ed\u00fd pondelok som v\u0161ak kreslil v ZU\u0160, ve\u013emi ma to bavilo. Z\u00e1rove\u0148 som p\u00e4\u0165 rokov chodil na dramatick\u00fd odbor a\u00a0vysk\u00fa\u0161al som aj karate a v\u0161etky mo\u017en\u00e9 tane\u010dn\u00e9 kr\u00fa\u017eky, ale to sk\u00f4r pre z\u00e1bavu. Nakoniec ma z\u00a0v\u00e4\u010d\u0161iny tane\u010dn\u00fdch vyhodili, lebo som st\u00e1le vyru\u0161oval a\u00a0nechcelo sa mi u\u010di\u0165 kroky.<\/span><\/p>\n<p><span style=\"font-weight: 400\">Potom som sa rozhodol, \u017ee p\u00f4jdem na \u0160kolu \u00fa\u017eitkov\u00e9ho v\u00fdtvarn\u00edctva Josefa Vydru v Bratislave, konkr\u00e9tne odbor kame\u0148osoch\u00e1rstvo. Predstavoval som si to sk\u00f4r romanticky, \u010dakal som, \u017ee budem ako Michelangelo oslobodzova\u0165 otrokov z\u00a0kame\u0148a. Najm\u00e4 fyzicky to v\u0161ak bola n\u00e1ro\u010dn\u00e1 pr\u00e1ca.<\/span><\/p>\n<p><span style=\"font-weight: 400\">Prv\u00e9 dva roky som sa c\u00edtil straten\u00fd. Pren\u00e1\u0161a\u0165 \u0165a\u017ek\u00e9 bremen\u00e1 nebolo pre m\u0148a, mal som 59 k\u00edl. \u010casto som prich\u00e1dzal o\u00a0nechty, ke\u010f mi na ne spadol kame\u0148. Som v\u0161ak za t\u00fato sk\u00fasenos\u0165 v\u010fa\u010dn\u00fd a svoj v\u00fdber strednej \u0161koly by som nemenil. <\/span><\/p>\n<p><b>Kedy ste zistili, \u017ee chcete by\u0165 maliar?<\/b><\/p>\n<p><span style=\"font-weight: 400\">Zhruba v\u00a0druhom ro\u010dn\u00edku po\u010das ma\u013eovania v\u00a0pr\u00edrode s\u00a0re\u0161taur\u00e1tormi. Za\u010dal som nav\u0161tevova\u0165 jedn\u00e9ho profesora<\/span> <span style=\"font-weight: 400\">na<\/span> <span style=\"font-weight: 400\">V\u0160VU a\u00a0kontaktoval som tamoj\u0161\u00edch \u0161tudentov. Vol\u00e1val som ich na k\u00e1vi\u010dky do pizzerie, v\u00a0ktorej som mal vystaven\u00e9 obrazy, a z\u00edskaval tak sp\u00e4tn\u00fa v\u00e4zbu. Na V\u0160VU ma prijali na prv\u00fdkr\u00e1t.<\/span><\/p>\n<p><b>Ako vyzerala va\u0161a tvorba na za\u010diatku vysokej \u0161koly?<\/b><\/p>\n<p><span style=\"font-weight: 400\">Najsk\u00f4r v\u00a0nej prevl\u00e1dali ne\u00f3nov\u00e9 farby, ktor\u00e9 v\u00a0tom obdob\u00ed fi\u010dali na V\u0160VU. Kreslil som jednoro\u017ece, plamene, diamanty, v\u00fdbuchy. V\u00a0druhom ro\u010dn\u00edku som u\u017e za\u010dal ma\u013eova\u0165 prv\u00e9 zajace, tie sa stali ve\u013emi popul\u00e1rnymi. \u013dudia si ma za\u010dali v\u0161\u00edma\u0165. \u00a0<\/span><\/p>\n<p><b>\u010co tie zajace reprezentovali?<\/b><\/p>\n<p><span style=\"font-weight: 400\">Mlados\u0165, anim\u00e1lnos\u0165, mo\u017eno aj outsiderstvo. V\u00a0podstate obdobie, ke\u010f je \u010dlovek nie\u010do medzi zvieratkom a\u00a0dospel\u00e1kom. <\/span><\/p>\n<p><b>V\u010faka \u010domu sa rozbehol z\u00e1ujem o\u00a0va\u0161e pr\u00e1ce?<\/b><\/p>\n<p><span style=\"font-weight: 400\">V\u00a0tre\u0165om ro\u010dn\u00edku sme s\u00a0Matejom Fabianom pripravili in\u0161tal\u00e1ciu k\u00a0v\u00fdro\u010diu \u0161koly. Obraz, ktor\u00fd som kr\u00e1tko predt\u00fdm nama\u013eoval, skon\u010dil v auk\u010dnej spolo\u010dnosti SOGA. Tam sa vydra\u017eil a\u00a0odvtedy to i\u0161lo. Po prehliadke semestr\u00e1lnych pr\u00e1c mi navy\u0161e jeden\u00a0galerista pomohol urobi\u0165 v\u00fdstavu v\u00a0Nemecku, kde si ma prv\u00fdkr\u00e1t v\u0161imol m\u00f4j s\u00fa\u010dasn\u00fd galerista Andr\u00e9 z Dittrich &amp; Schlechtriem. <\/span><\/p>\n<p><span style=\"font-weight: 400\">Na Slovensku mi ve\u013emi pomohli v\u00fdstavy, ktor\u00e9 som zorganizoval na netradi\u010dn\u00fdch miestach. Napr\u00edklad in\u0161tal\u00e1cia No Ambitions v\u00a0m\u00e4siarstve. Pri\u0161lo ve\u013ea \u013eud\u00ed, dokonca aj viacer\u00e9 teoreti\u010dky. Bol som v\u00a0\u0161oku, \u017ee ich moja \u0161tudentsk\u00e1 tvorba naozaj zauj\u00edma. C\u00edtil som sa naozaj pocten\u00fd.<\/span><\/p>\n<p><span style=\"font-weight: 400\">O p\u00e1r mesiacov nato som mal op\u00e4\u0165 vystavova\u0165 v\u00a0Berl\u00edne. Nama\u013eoval som kopec obrazov, do\u0161lo mi v\u0161ak, \u017ee Slov\u00e1ci ich nikde neuvidia. Vtedy som mal ateli\u00e9r pri Zlat\u00fdch pieskoch. Raz mi po\u010das pl\u00e1vania napadlo, \u017ee pred t\u00fdm, ako sa obrazy odvez\u00fa do Nemecka, by som ich mohol vystavi\u0165 na ostrove. \u00a0\u00a0\u00a0<\/span><\/p>\n<p><span style=\"font-weight: 400\">Najal som si dokonca \u013eud\u00ed, nech tam prev\u00e1\u017eaj\u00fa n\u00e1v\u0161tevn\u00edkov na \u0161liapac\u00edch bicykloch. Za\u010d\u00ednalo sa u\u017e o\u00a0\u0161tvrtej r\u00e1no. Miesto, \u010das v\u00fdchodu slnka a\u00a0premenliv\u00e1 atmosf\u00e9ra, ktor\u00e1 ovplyv\u0148ovala farby na obrazoch, boli rovnako d\u00f4le\u017eit\u00e9 ako samotn\u00e9 diela. <\/span><\/p>\n<p><b>E\u0161te netradi\u010dnej\u0161ia bola va\u0161a v\u00fdstava v\u00a0petr\u017ealskom \u201emetre\u201c.<\/b><\/p>\n<p><span style=\"font-weight: 400\">I\u0161lo o\u00a0moju diplomov\u00fa pr\u00e1cu. Zdalo sa mi, \u017ee v\u0161etci maj\u00fa odo m\u0148a ve\u013ek\u00e9 o\u010dak\u00e1vania, aj ja som ich mal. Navy\u0161e, ke\u010f ste cel\u00e9 hodiny zavret\u00ed v\u00a0ateli\u00e9ri, bav\u00ed v\u00e1s organizova\u0165 nie\u010do s\u00a0\u013eu\u010fmi.<\/span><\/p>\n<p><span style=\"font-weight: 400\">Nak\u00fapil som asi p\u00e4\u0165desiat p\u00e1rov gum\u00e1kov, bez ktor\u00fdch sa nedalo do depa vst\u00fapi\u0165, v\u0161ade bola voda. Spolu s\u00a0mojimi obrazmi v\u0161ak vytv\u00e1rala dojem obrovsk\u00e9ho akv\u00e1ria. Mohlo to by\u0165 tr\u00e1pne, ale mysl\u00edm, \u017ee som naplnil o\u010dak\u00e1vania, mo\u017eno ich aj prekonal. Slovensk\u00e1 n\u00e1rodn\u00e1 gal\u00e9ria k\u00fapila nieko\u013eko obrazov. Bral som to ako zav\u0155\u0161enie jednej etapy. \u00a0<\/span><\/p>\n<p><b>Sn\u00edvali ste, \u017ee jedn\u00e9ho d\u0148a budete vystavova\u0165 v\u00a0New Yorku. Kedy ste tam i\u0161li prv\u00fdkr\u00e1t? <\/b><\/p>\n<p><span style=\"font-weight: 400\">V\u00a02009 na v\u00fdlet. E\u0161te som v\u00f4bec nevedel po anglicky, aj obed som si objedn\u00e1val zahanbene. O\u00a0tri roky nesk\u00f4r som sa do New Yorku vr\u00e1til na art fair. U\u017e som ich jazyk ovl\u00e1dal lep\u0161ie, mal som vystaven\u00fd nejak\u00fd obraz a\u00a0spoznal som prv\u00fdch v\u00fdznamnej\u0161\u00edch umelcov.<\/span><\/p>\n<p><span style=\"font-weight: 400\">Ke\u010f som v\u00a02013 ukon\u010dil \u0161kolu, pl\u00e1noval som okam\u017eite odcestova\u0165 do Ameriky. Naivne som si predstavoval, \u017ee tam nama\u013eujem obrazy, do mesiaca ma niekto objav\u00ed a\u00a0\u017eivot bude super. <\/span><\/p>\n<p><span style=\"font-weight: 400\">Realita bola tak\u00e1, \u017ee som sa tam napokon vybral a\u017e v\u00a0janu\u00e1ri, po\u010das najchladnej\u0161ej zimy, ak\u00fa tam dovtedy za predo\u0161l\u00fdch dvadsa\u0165 rokov za\u017eili. Vonku bolo m\u00ednus dvadsa\u0165p\u00e4\u0165 stup\u0148ov, b\u00fdval som u\u00a0zn\u00e1meho, nikoho in\u00e9ho som tam nepoznal. Potreboval som ateli\u00e9r, ale n\u00e1jomn\u00e9 bolo vysok\u00e9. <\/span><\/p>\n<p><b>Ako sa v\u00e1m napokon podarilo presadi\u0165?<\/b><\/p>\n<p><span style=\"font-weight: 400\">Nakoniec mi niekto dohodil zadarmo b\u00fdvanie v\u00a0pr\u00e1\u010dovni tureckej rodiny. Na\u0161iel som si ateli\u00e9r bez k\u00farenia, napriek tomu som v \u0148om ve\u013ea ma\u013eoval. Vych\u00e1dzali o\u00a0mne pr\u00edspevky na blogoch, postupne sa mi oz\u00fdvali \u013eudia, so v\u0161etk\u00fdmi som chodil von. Potreboval som spozna\u0165 niekoho, kto by ma posunul \u010falej. <\/span><\/p>\n<p><span style=\"font-weight: 400\">Po mnoh\u00fdch peripeti\u00e1ch sa to napokon podarilo. Jeden mu\u017e bol naozaj umelec, uk\u00e1zal mi v\u00fdtvarn\u00fa sc\u00e9nu, predstavil zauj\u00edmav\u00fdch \u013eud\u00ed. St\u00e1le som v\u0161ak nemal komu uk\u00e1za\u0165 svoju tvorbu. Vy\u010distil som teda ateli\u00e9r a\u00a0spravil in\u0161tal\u00e1ciu. Nemeck\u00fd zberate\u013e na \u0148u poslal m\u00f4jho s\u00fa\u010dasn\u00e9ho galeristu, ktor\u00fd sa vtedy n\u00e1hodou nach\u00e1dzal v\u00a0New Yorku. Pri\u0161iel, bol nad\u0161en\u00fd a\u00a0pon\u00fakol mi v\u00fdstavu v\u00a0Berl\u00edne. Odvtedy spolupracujeme. <\/span><\/p>\n<p><b>V\u00a0\u010dom vn\u00edmate rozdiely na Slovensku a\u00a0v\u00a0zahrani\u010d\u00ed?<\/b><\/p>\n<p><span style=\"font-weight: 400\">Slovensk\u00e1 umeleck\u00e1 sc\u00e9na je ve\u013emi mal\u00e1, \u010do m\u00e1 svoje nev\u00fdhody, ale aj v\u00fdhody. Je tu m\u00e1lo zberate\u013eov a m\u00e1lo gal\u00e9ri\u00ed, ale \u013eudia si n\u00e1jdu \u010das sledova\u0165 va\u0161u tvorbu. S ka\u017ed\u00fdm sa m\u00f4\u017eete stretn\u00fa\u0165 alebo si nebodaj vybudova\u0165 priate\u013estvo. \u010co je v New Yorku, samozrejme, ove\u013ea zlo\u017eitej\u0161ie.<\/span><\/p>\n<p><span style=\"font-weight: 400\">Z\u00e1rove\u0148, ke\u010f si umelec na Slovensku mysl\u00ed, \u017ee bude super ma\u013eova\u0165, d\u00e1 to na Instagram, niekto si ho n\u00e1jde&#8230; Mo\u017eno sa to stane, ale, nane\u0161\u0165astie, m\u0148a nikdy nikto takto neoslovil. V\u0161etky dobr\u00e9 veci, ktor\u00e9 sa mi udiali v\u00a0Amerike, vznikli v\u010faka bl\u00edzkym vz\u0165ahom a priate\u013estv\u00e1m s\u00a0umelcami. <\/span><\/p>\n<p><b>Coming outom ste si pre\u0161li u\u017e v\u00a0\u0161estn\u00e1stich rokoch. Kde sa ako gej c\u00edtite najuvo\u013enenej\u0161ie?<\/b><\/p>\n<p><span style=\"font-weight: 400\">V\u0161ade sa c\u00edtim rovnako. V\u00f4bec nevn\u00edmam rozdiely medzi krajinami. Nikto na m\u0148a pre moju orient\u00e1ciu neza\u00fato\u010dil ani v\u00a0zahrani\u010d\u00ed, ani v\u00a0Bratislave. \u010co si o\u00a0mne myslia susedia, nerie\u0161im. Akur\u00e1t jeden sa k\u00a0tomu vyjadril, ke\u010f bol opit\u00fd. Vraj mu je jedno, \u010do som, hlavne, \u017ee nie Cig\u00e1n. Na jednej strane sa to zd\u00e1 by\u0165 vtipn\u00e9, na druhej je to tragick\u00e9.<\/span><\/p>\n<p><b>Ako sa prejavuje va\u0161a orient\u00e1cia v\u00a0tvorbe?<\/b><\/p>\n<p><span style=\"font-weight: 400\">Nikdy som nema\u013eoval \u00fapln\u00e9 porno, stoporen\u00fd penis sa objavil mo\u017eno na troch obrazoch. Fascinuje ma, ke\u010f \u013eudia nap\u00ed\u0161u alebo povedia, \u017ee som kontroverzn\u00fd maliar. Asi to tak chc\u00fa vidie\u0165, ale ja si to nemysl\u00edm. <\/span><\/p>\n<p><span style=\"font-weight: 400\">Ke\u010f \u013eudia vedia, \u017ee nie\u010do nama\u013eoval gej umelec, pozeraj\u00fa sa na to inak. Aj ke\u010f tam nie je na prv\u00fd poh\u013ead queer obsah, h\u00fasenice a\u00a0koh\u00faty vn\u00edmaj\u00fa niektor\u00ed napr\u00edklad ako ve\u013ek\u00e9 penisy. <\/span><\/p>\n<p><span style=\"font-weight: 400\">Pod\u013ea m\u0148a je v\u0161ak v\u00a0poriadku, \u017ee si dosadzuj\u00fa kontext. V\u00a0podstate to aj chcem. Ke\u010f vid\u00ed ten ist\u00fd obraz \u010dlovek, ktor\u00fd nevie o\u00a0mojej orient\u00e1cii, dosad\u00ed si nie\u010do in\u00e9. Tak \u010di onak, obraz by mal vyzera\u0165 dobre aj bez kontextu.<\/span><\/p>\n<p><b>Pre\u010do ma\u013eujete koh\u00faty a h\u00fasenice?<\/b><\/p>\n<p><span style=\"font-weight: 400\">Na Filip\u00ednach som videl koh\u00fatie z\u00e1pasy. Mu\u017ei v\u00a0ar\u00e9ne\u00a0st\u00e1vkovali, testoster\u00f3n vrel. Koh\u00faty v ar\u00e9ne nemaj\u00fa \u017eiadny racion\u00e1lny d\u00f4vod spolu bojova\u0165, napriek tomu ich\u00a0k tomu doviedol iracion\u00e1lny mu\u017esk\u00fd pud k\u00a0boju. \u013dudia maj\u00fa ve\u013emi ve\u013ea iracion\u00e1lnych pudov, ktor\u00e9 si sp\u00e4tne racionalizuj\u00fa.<\/span><\/p>\n<p><span style=\"font-weight: 400\">H\u00fasenice ma\u013eujem od leta, ke\u010f som si ich prv\u00fdkr\u00e1t v\u0161imol vo svojej z\u00e1hrade. Googlil som, \u010do s\u00fa za\u010d, a\u00a0viac som si za\u010dal uvedomova\u0165 klimatick\u00e9 zmeny. Prich\u00e1dzaj\u00fa k\u00a0n\u00e1m \u0161kodce z\u00a0juhu a\u00a0n\u00e1\u0161 dom\u00e1ci hmyz hynie. <\/span><\/p>\n<p><span style=\"font-weight: 400\">\u013dudia postrekuj\u00fa svoje ovocie a\u00a0to je v\u00a0kone\u010dnom d\u00f4sledku hor\u0161ie, ako keby ho k\u00fapili. Ke\u010f na vidieku d\u00fdchate v\u0161etky tie postreky a\u00a0navy\u0161e m\u00e1te n\u00e1hodou kontaminovan\u00fa stud\u0148u, je to \u0161kodlivej\u0161ie ako \u017eivot v\u00a0meste. <\/span><\/p>\n<p><span style=\"font-weight: 400\">H\u00fasenice s\u00fa z\u00e1stupcami tohto v\u0161etk\u00e9ho. Nechcem obrazmi priamo hovori\u0165 \u201eNepostrekujte\u201c, zaoba\u013eujem to do metafory.<\/span><\/p>\n<p><b>Ak\u00e1 je va\u0161a maliarska rutina?<\/b><\/p>\n<p><span style=\"font-weight: 400\">Ma\u013eujem r\u00e1no a\u00a0ve\u010der, medzit\u00fdm sa mi nedar\u00ed. Nedrogujem. Tak to nefunguje. Ani nepijem. Zvy\u010dajne si pust\u00edm hudbu a\u00a0uvar\u00edm k\u00e1vu.<\/span><\/p>\n<p><span style=\"font-weight: 400\">T\u00fdm, \u017ee \u010dasto cestujem, viac vn\u00edmam ro\u010dn\u00e9 obdobia. V\u00a02015 som si k\u00fapil dom v Rastislaviciach, v\u00a0lete som teda st\u00e1le tam. Na jese\u0148 a\u00a0na jar som zas takmer v\u017edy v\u00a0New Yorku. <\/span><\/p>\n<p><b>Ako pres\u00favate obrazy medzi krajinami?<\/b><\/p>\n<p><span style=\"font-weight: 400\">Ateli\u00e9r si v\u017edy zaria\u010fujem na mieste. Beriem si so sebou len ob\u013e\u00faben\u00e9 \u0161tetce. Ma\u013eujem na nena\u0161epsovan\u00e9 pl\u00e1tna, \u010di\u017ee na nich nie je prv\u00e1 vrstva, ktor\u00e1 by mohla popraska\u0165. Zrolujem ich, posklad\u00e1m ako tri\u010dko a\u00a0hod\u00edm do kufra. <\/span><\/p>\n<p><b>Kde budete vystavova\u0165 najbli\u017e\u0161ie?<\/b><\/p>\n<p><span style=\"font-weight: 400\">Tento prv\u00fd polrok je toho ve\u013emi ve\u013ea. SOGA organizuje v\u00a0apr\u00edli skupinov\u00fa v\u00fdstavu v\u00a0Bratislave a\u00a0\u010dak\u00e1 ma taktie\u017e trien\u00e1le mlad\u00e9ho umenia Sk\u00fater v\u00a0Trnave. <\/span><\/p>\n<p><span style=\"font-weight: 400\">V j\u00fani m\u00e1m dve samostatn\u00e9 v\u00fdstavy. Jednu s\u00a0n\u00e1zvom Larva run 2 vo White &amp; Weiss gal\u00e9rii v Bratislave a \u010fal\u0161iu v R\u00edme, na \u010do sa ve\u013emi te\u0161\u00edm, preto\u017ee som si bol cez Vianoce obzrie\u0165 priestory a vyzerali v\u00fdborne. V\u00a0New Yorku budeme otv\u00e1ra\u0165 28. j\u00fana skupinov\u00fa v\u00fdstavu v gal\u00e9rii Ashes\/Ashes. <\/span><\/p>\n<p><span style=\"font-weight: 400\">Potom v j\u00fali ma \u010dak\u00e1 samostatn\u00e1 v\u00fdstava v\u00a0ko\u0161ickej gal\u00e9rii VUNU. A\u00a0mysl\u00edm, \u017ee m\u00f4j highlight tohto roka pr\u00edde na jese\u0148, ke\u010f m\u00e1m ve\u013ek\u00fa samostatn\u00fa v\u00fdstavu v\u00a0Al\u0161ovej jiho\u010deskej gal\u00e9rii v \u010cesk\u00fdch Bud\u011bjoviciach. To je pre m\u0148a obrovsk\u00e1 \u010des\u0165 a v\u00fdzva.<\/span><\/p>\n<p>&nbsp;<\/p>\n<p><b>Andrejovu pr\u00e1cu m\u00f4\u017eete sledova\u0165 aj na Instagrame: <\/b><b>ig: andrej_dubravsky<\/b><\/p>\n","protected":false},"excerpt":{"rendered":"<p>Na z\u00e1kladnej \u0161kole chcel by\u0165 pr\u00edrodovedcom, potom sn\u00edval, \u017ee bude ako Michelangelo oslobodzova\u0165 otrokov z\u00a0kame\u0148a. Andreja D\u00fabravsk\u00e9ho v\u0161ak napokon zl\u00e1kala ma\u013eba, ktor\u00fa do\u0161tudoval na V\u0160VU v\u00a0roku 2013. Verejnos\u0165 zaujal v\u00fdstavami v\u00a0m\u00e4siarstve, na Zlat\u00fdch pieskoch \u010di v\u00a0priestoroch petr\u017ealsk\u00e9ho \u201emetra\u201c. Hoci moment\u00e1lne svojou tvorbou odkazuje na environment\u00e1lne t\u00e9my, \u013eudia v\u00a0nej st\u00e1le h\u013eadaj\u00fa fakt, \u017ee je gej. Ak\u00e9 <a href=\"https:\/\/duhovyrok.sk\/qys\/andrej-dubravsky-ked-ludia-vedia-ze-obraz-namaloval-gej-pozeraju-sa-nan-inak\/\" class=\"more-link\">&#8230;<\/a><\/p>\n","protected":false},"author":6,"featured_media":1287,"comment_status":"closed","ping_status":"open","sticky":false,"template":"","format":"standard","meta":{"footnotes":""},"categories":[10,259,258],"tags":[],"class_list":["post-1270","post","type-post","status-publish","format-standard","has-post-thumbnail","hentry","category-kultura","category-rozhovory","category-vizualne-umenie"],"_links":{"self":[{"href":"https:\/\/duhovyrok.sk\/qys\/wp-json\/wp\/v2\/posts\/1270","targetHints":{"allow":["GET"]}}],"collection":[{"href":"https:\/\/duhovyrok.sk\/qys\/wp-json\/wp\/v2\/posts"}],"about":[{"href":"https:\/\/duhovyrok.sk\/qys\/wp-json\/wp\/v2\/types\/post"}],"author":[{"embeddable":true,"href":"https:\/\/duhovyrok.sk\/qys\/wp-json\/wp\/v2\/users\/6"}],"replies":[{"embeddable":true,"href":"https:\/\/duhovyrok.sk\/qys\/wp-json\/wp\/v2\/comments?post=1270"}],"version-history":[{"count":1,"href":"https:\/\/duhovyrok.sk\/qys\/wp-json\/wp\/v2\/posts\/1270\/revisions"}],"predecessor-version":[{"id":2581,"href":"https:\/\/duhovyrok.sk\/qys\/wp-json\/wp\/v2\/posts\/1270\/revisions\/2581"}],"wp:featuredmedia":[{"embeddable":true,"href":"https:\/\/duhovyrok.sk\/qys\/wp-json\/wp\/v2\/media\/1287"}],"wp:attachment":[{"href":"https:\/\/duhovyrok.sk\/qys\/wp-json\/wp\/v2\/media?parent=1270"}],"wp:term":[{"taxonomy":"category","embeddable":true,"href":"https:\/\/duhovyrok.sk\/qys\/wp-json\/wp\/v2\/categories?post=1270"},{"taxonomy":"post_tag","embeddable":true,"href":"https:\/\/duhovyrok.sk\/qys\/wp-json\/wp\/v2\/tags?post=1270"}],"curies":[{"name":"wp","href":"https:\/\/api.w.org\/{rel}","templated":true}]}}