{"id":1263,"date":"2019-06-05T18:08:10","date_gmt":"2019-06-05T16:08:10","guid":{"rendered":"https:\/\/qys.sk\/?p=1263"},"modified":"2021-03-18T09:07:01","modified_gmt":"2021-03-18T08:07:01","slug":"marek-hudec-chcel-som-napisat-pribeh-dvoch-muzov-co-v-slovenskej-literature-nie-je-tak-caste","status":"publish","type":"post","link":"https:\/\/duhovyrok.sk\/qys\/marek-hudec-chcel-som-napisat-pribeh-dvoch-muzov-co-v-slovenskej-literature-nie-je-tak-caste\/","title":{"rendered":"Marek Hudec: Chcel som nap\u00edsa\u0165 pr\u00edbeh dvoch mu\u017eov, \u010do v slovenskej literat\u00fare nie je tak \u010dast\u00e9"},"content":{"rendered":"<p><span style=\"font-weight: 400\">Marek Hudec (28) poch\u00e1dza z\u00a0Nov\u00fdch Z\u00e1mkov. Skon\u010dil \u017eurnalistiku na Masarykovej univerzite v\u00a0Brne. P\u00edsal recenzie pre filmov\u00e9 magaz\u00edny Kinema a Kine\u010dko, v Pravde a v \u010ceskom rozhlase absolvoval odborn\u00fa st\u00e1\u017e. Od roku 2015 bol \u00a0redaktorom oddelenia kult\u00fary v denn\u00edku Sme. Prv\u00e9 poviedky publikoval v magaz\u00edne Inspire, v \u010dasopise \u017divot a na internetovom projekte Drak sa vracia. Ceny z\u00edskal v s\u00fa\u0165a\u017eiach Pre\u010do m\u00e1m r\u00e1d sloven\u010dinu, Slovensko, Mlad\u00e1 slovensk\u00e1 poviedka a O cenu Dominika Tatarku. V\u00a0s\u00fa\u010dasnosti vydal svoju prv\u00fa knihu Prost\u00e9 rozpr\u00e1vky, ktor\u00e1 okrem in\u00e9ho zobrazuje rozchod gejsk\u00e9ho p\u00e1ru. <\/span><\/p>\n<p><b>Koncom septembra si vydal knihu Prost\u00e9 rozpr\u00e1vky. \u010co \u0165a viedlo k\u00a0jej nap\u00edsaniu?<\/b><\/p>\n<p><span style=\"font-weight: 400\">Boli tam tri mot\u00edvy. Prv\u00fd mot\u00edv bol pred p\u00e1r rokmi, ke\u010f som v\u00a0jednom kn\u00edhkupectve zahliadol novinku od Philipa Pullmana, ktor\u00fd predt\u00fdm nap\u00edsal napr\u00edklad Zlat\u00fd kompas. Sl\u00e1vny britsk\u00fd spisovate\u013e sa rozhodol o\u017eivi\u0165 a\u00a0modernizova\u0165 zn\u00e1me rozpr\u00e1vky bratov Grimovcov. Tak som si knihu k\u00fapil a\u00a0potom som zistil, \u017ee on rozpr\u00e1vky vlastne neprerobil, iba \u0161tylisticky upravil. To je ale \u0161koda, pomyslel som si. Potom mi napadlo, \u017ee v\u00a0slovenskej hudbe zhruba pred dvoma rokmi prebehol folkl\u00f3rny revival. Objavila sa Katar\u00edna Mal\u00edkov\u00e1, vznikli \u0139udov\u00e9 mladistv\u00e1, boli to projekty, ktor\u00e9 prerobili slovensk\u00e9 \u013eudov\u00e9 pesni\u010dky do nie\u010doho modern\u00e9ho a\u00a0uvedomil som si, \u017ee ni\u010d podobn\u00e9 neprebehlo v\u00a0na\u0161ej literat\u00fare, kde m\u00e1me bohat\u00fa zbierku Dob\u0161insk\u00e9ho \u013eudov\u00fdch rozpr\u00e1vok. A\u00a0tret\u00ed mot\u00edv bol, \u017ee som chcel nap\u00edsa\u0165 pr\u00edbeh dvoch mu\u017eov, \u010do v\u00a0slovenskej literat\u00fare nie je tak \u010dast\u00e9. <\/span><\/p>\n<p><b>S\u00fa tam nejak\u00e9 tvoje osobn\u00e9 sk\u00fasenosti? Ko\u013eko je tam Mareka? <\/b><\/p>\n<p><span style=\"font-weight: 400\">Samozrejme, \u017ee som tam do istej miery pr\u00edtomn\u00fd, ke\u010f\u017ee oby\u010dajne spisovate\u013e vych\u00e1dza z\u00a0toho, \u010do za\u017eil. Je to ale z\u00e1rove\u0148 fikcia na hrane fantasy a\u00a0surealizmu. Nebudem skr\u00fdva\u0165, \u017ee som si pre\u0161iel \u0165a\u017ek\u00fdm rozchodom, ktor\u00fd je z\u00e1kladom pr\u00edbehu. Zdalo sa mi, \u00a0\u017ee \u013eudia tak\u00fdto rozchod, kde sa druh\u00fd partner \u00faplne odcudz\u00ed a\u00a0odmieta komunikova\u0165, \u010dasto neza\u017e\u00edvaj\u00fa. Myslel som si, \u017eeby bolo zauj\u00edmav\u00e9 to nap\u00edsa\u0165. <\/span><\/p>\n<p><b>Malo teda p\u00edsanie teda katarzn\u00fd \u00fa\u010dinok, ktor\u00fd si mo\u017eno o\u010dak\u00e1val?<\/b><\/p>\n<p><span style=\"font-weight: 400\">Ni\u010d sa a\u017e tak\u00e9 nezmenilo. Cel\u00fd \u017eivot som mal sen nap\u00edsa\u0165 knihu a\u00a0som r\u00e1d, \u017ee sa mi to podarilo, \u017ee som pri pr\u00edbehu udr\u017eal pozornos\u0165 a\u017e do konca. S\u00a0rozchodom, ktor\u00fd som v\u00a0knihe pop\u00edsal, som sa dlho vyrovn\u00e1val a\u00a0zvl\u00e1\u0161tne je, \u017ee kr\u00e1tko potom, ako som knihu dop\u00edsal, som stretol s\u00fa\u010dasn\u00e9ho priate\u013ea. <\/span><\/p>\n<p><b>Happy end. Skon\u010dil si \u017eurnalistiku, tak si mal bl\u00edzko k\u00a0p\u00edsaniu. <\/b><\/p>\n<p><span style=\"font-weight: 400\">Najprv som chcel by\u0165 v detstve v\u00fdtvarn\u00edk, potom som zistil, \u017ee ma bav\u00ed aj p\u00edsanie. V\u017edy som p\u00edsal r\u00f4zne hororov\u00e9 alebo detekt\u00edvne pr\u00edbehy a niekedy na konci z\u00e1kladnej \u0161koly sme v\u00a0\u0161kole dostali test zru\u010dnost\u00ed: ak\u00e9 povolania by sa mi najviac hodilo a vtedy mi vy\u0161la \u017eurnalistika na prvom mieste. Mal som predstavu, \u017ee budem stret\u00e1va\u0165 zauj\u00edmav\u00fdch \u013eud\u00ed a\u00a0cestova\u0165 po celom svete. <\/span><\/p>\n<p><b>A\u00a0podarilo sa?<\/b><\/p>\n<p><span style=\"font-weight: 400\">\u00c1no. Od strednej \u0161koly som robil v\u00a0\u0161kolskom \u010dasopise, na vysokej \u0161kole som prispieval pre port\u00e1l Kinema, st\u00e1\u017eoval v\u00a0\u010ceskom rozhlase, mana\u017eoval \u0161tudentsk\u00e9 r\u00e1dio. Potom som nast\u00fapil do denn\u00edka SME, kde som takmer \u0161tyri roky pracoval v\u00a0kult\u00farnej sekcii. <\/span><\/p>\n<p><b>Ako \u0165a\u017eko bolo presved\u010di\u0165 vydavate\u013ea, aby vydal knihu s\u00a0gej t\u00e9mou?<\/b><\/p>\n<p><span style=\"font-weight: 400\">Nebolo to \u0165a\u017ek\u00e9. Po\u010das \u0161t\u00fadi\u00ed v Brne som dostal radu od vydavate\u013estva Host. Ak chce\u0161 za\u010da\u0165 ako spisovate\u013e, najprv mus\u00ed\u0161 nie\u010do dokon\u010di\u0165, hovorili mi. Nedokon\u010den\u00e9 diela nepon\u00fakaj. Prost\u00e9 rozpr\u00e1vky som dokon\u010dil pred rokom v septembri a z princ\u00edpu som ich pon\u00fakol najprv do vydavate\u013estva Host, ktor\u00e9 knihu odmietlo. V \u010fal\u0161ej vlne som knihu som za\u010da\u0165 pon\u00faka\u0165 viacer\u00fdm slovensk\u00fdm spolo\u010dnostiam a ve\u013emi r\u00fdchlo sa mi ozvali z Tatranu, takmer hne\u010f odpovedali, \u017ee by sa so mnou radi stretli. Bolo to skvel\u00e9, lebo pr\u00e1ve Tatran vydal predt\u00fdm v\u0161etky tri zv\u00e4zky Dob\u0161insk\u00e9ho a mal ve\u013emi dlh\u00fa trad\u00edciu. Riadite\u013eka pani Ml\u00e1dekov\u00e1 povedala, \u017ee sa jej ve\u013emi p\u00e1\u010di rozpr\u00e1vkov\u00fd mot\u00edv a \u00faprimnos\u0165 textu. O tom, \u017ee je to vlastne pr\u00edbeh vz\u0165ahu dvoch chlapcov, sme sa ani nerozpr\u00e1vali. Cel\u00fd \u010das sa mi s nimi spolupracovalo skvele.<\/span><\/p>\n<p><b>Promuj\u00fa to, \u017ee je to o\u00a0rozchode medzi dvoma mu\u017emi, alebo&#8230;<\/b><\/p>\n<p><span style=\"font-weight: 400\">Na obal to skuto\u010dne nenap\u00edsali. Zrejme to nechceli cez gej mot\u00edv odpromova\u0165, \u010domu rozumiem. Dozvedel som sa, \u017ee ke\u010f si na knihu p\u00fdtali prostriedky z\u00a0Fondu na podporu umenia, poslali im anot\u00e1ciu, kde sa vz\u0165ah dvoch chlapcov spom\u00ednal. Nakoniec nedostali \u017eiadnu podporu a\u00a0zdalo sa im to zvl\u00e1\u0161tne, lebo Fond im prvotiny zv\u00e4\u010d\u0161a podporil.<\/span><\/p>\n<p><b>\u010co sa stalo po vydan\u00ed knihy? Zmenil sa tvoj \u017eivot?<\/b><\/p>\n<p><span style=\"font-weight: 400\">V\u00f4bec nie. Nem\u00e1m pocit, \u017eeby ma \u010dakali fanynky, \u010di fan\u00fa\u0161ikovia na ulici. Akur\u00e1t mi spadol kame\u0148 zo srdca, \u017ee u\u017e je kniha v\u00a0kn\u00edhkupectv\u00e1ch. Teraz u\u017e patr\u00ed \u013eu\u010fom, ktor\u00ed si ju k\u00fapia. N\u00e1klad je 1000 kusov, bol by som r\u00e1d, keby sa to predal, zrejme by mi to dalo slobodu v\u00a0tvorbe pokra\u010dova\u0165. Mal som tie\u017e ohromn\u00e9 \u0161\u0165astie na ilustr\u00e1tora. \u00daplnou n\u00e1hodou som v\u00a0jednom \u010dasopise natrafil na tvorbu Ko\u0161i\u010dana Martina Kol\u010daka, ktor\u00e9mu som navrhol spolupr\u00e1cu e\u0161te sk\u00f4r, ne\u017e som zohnal vydavate\u013estvo, p\u00e1\u010dilo sa mi, \u017ee jeho grafiky pripom\u00ednaj\u00fa komiksy. Atmosf\u00e9ru pr\u00edbehu dokonale zachytil, ob\u00e1lka je skvel\u00e1, zrejme budeme spolupracova\u0165 aj na \u010fal\u0161ej knihe. A\u00a0sranda je, \u017ee sme sa osobne e\u0161te st\u00e1le nestretli.<\/span><\/p>\n<p><b>\u010cas\u0165 knihy si nap\u00edsal formou listu hlavn\u00e9ho hrdinu jeho priate\u013eovi. \u010co \u0165a k\u00a0tomu viedlo?<\/b><\/p>\n<p><span style=\"font-weight: 400\">\u00cdrsky gej spisovate\u013e Colm T\u00f3ib\u00edn nap\u00edsal zbierku poviedok Pr\u00e1zdno rodiny a\u00a0prv\u00e1 poviedka bola nap\u00edsan\u00e1 t\u00fdmto ist\u00fdm \u0161t\u00fdlom. Ve\u013emi sa mi to zap\u00e1\u010dilo a\u00a0bola to vlastne prv\u00e1 kniha, ktor\u00fa som po rozchode s\u00a0expriate\u013eom \u010d\u00edtal. Cel\u00e1 moja kniha je o\u00a0tom, \u017ee na za\u010diatku, sa za z\u00e1hadn\u00fdch okolnost\u00ed strat\u00ed partner hlavn\u00e9ho hrdinu a podstatn\u00e9 je, \u017ee v\u0161etky listy s\u00fa pre \u010dloveka, ktor\u00fd neodpoved\u00e1. D\u00e1 sa to vn\u00edma\u0165 aj ako ist\u00fa formu terapie. <\/span><\/p>\n<p><b>S\u00fa lep\u0161ie knihy s\u00a0happyendom alebo bez?<\/b><\/p>\n<p><span style=\"font-weight: 400\">Pod\u013ea m\u0148a je to jedno, lebo \u010doko\u013evek sa stane, m\u00e1 to ur\u010dit\u00e9 pozit\u00edvne, aj negat\u00edvne n\u00e1sledky. Ke\u010f sa roz\u00eddete, tak \u00a0z\u00a0toho bude \u010dlovek smutn\u00fd ale na druhej strane m\u00f4\u017ee stretn\u00fa\u0165 lep\u0161ieho partnera alebo prejs\u0165 akousi vlastnou o\u010distou.<\/span><\/p>\n<p><b>Ako sa m\u00f4\u017eu \u010ditatelia a\u00a0\u010ditate\u013eky c\u00edti\u0165 po pre\u010d\u00edtan\u00ed tvojej knihy? \u00a0<\/b><\/p>\n<p><span style=\"font-weight: 400\">Je to uzavret\u00fd pr\u00edbeh a\u00a0z\u00e1le\u017ealo mi na tom, aby jeho z\u00e1ver \u010ditate\u013eov prekvapil.<\/span><\/p>\n<p><b>Tak ich nech\u00e1me prekvapi\u0165 sa. Pracoval si ako novin\u00e1r v\u00a0celo\u0161t\u00e1tnom denn\u00edku. Vedeli \u00a0o\u00a0tebe \u017ee si gej?<\/b><\/p>\n<p><span style=\"font-weight: 400\">Nestretol som sa s\u00a0negat\u00edvnou reakciou, moji kolegovia to o\u00a0mne vedia. V\u00a0novin\u00e1rskom prostred\u00ed nem\u00e1m pocit, \u017ee by s\u00a0t\u00fdm mal niekto probl\u00e9m. <\/span><\/p>\n<p><b>Za\u017eil si aj nie\u010do negat\u00edvne v\u00a0\u017eivote v\u00a0s\u00favislosti s\u00a0tvojou orient\u00e1ciou? <\/b><\/p>\n<p><span style=\"font-weight: 400\">Minim\u00e1lne z\u00a0h\u013eadiska neslobody, ako spolo\u010dnos\u0165 vn\u00edma homosexualitu. Napr\u00edklad prv\u00fd priate\u013e mal probl\u00e9m dr\u017ea\u0165 sa na ulici za ruky. To u\u017e samo o\u00a0sebe je hrozn\u00e9, ke\u010f sa \u010dlovek mus\u00ed neust\u00e1le skr\u00fdva\u0165 a\u00a0klama\u0165 svoje okolie. <\/span><\/p>\n<p><b>Je situ\u00e1cia na Slovensku jeden z\u00a0d\u00f4vodov, pre\u010do odch\u00e1dza\u0161 do zahrani\u010dia?<\/b><\/p>\n<p><span style=\"font-weight: 400\">Nie. Ja sa chcem vr\u00e1ti\u0165 na Slovensko. Odch\u00e1dzam do \u0160v\u00e9dska preto, lebo ma l\u00e1ka e\u0161te na \u010das sk\u00fasi\u0165 \u017ei\u0165 v\u00a0inej krajine. Predt\u00fdm som \u017eil v\u00a0\u010cesku aj vo Franc\u00fazsku a\u00a0e\u0161te nem\u00e1m 30 rokov, povedal som si teda: Teraz je spr\u00e1vny \u010das e\u0161te niekam vypadn\u00fa\u0165, nau\u010di\u0165 sa nie\u010do nov\u00e9. Nem\u00e1m pocit, \u017ee by som sa na Slovensku ako gej musel b\u00e1\u0165 na ka\u017edom rohu, hoci v\u00f4bec to nie je ide\u00e1lne. M\u00f4j priate\u013e je Aziat a\u00a0dr\u017eali sme sa na ulici za ruky v\u00a0r\u00f4znych eur\u00f3pskych mest\u00e1ch: v\u00a0\u0160tockholme, v\u00a0Budape\u0161ti, v\u00a0\u010cesku, nikto sa na n\u00e1s nepozeral zvl\u00e1\u0161tne. No len, \u010do sme vyst\u00fapili z\u00a0autobusu v\u00a0Bratislave, za\u010dali na n\u00e1s pokrikova\u0165 robotn\u00edci na stavbe. M\u00e1m pocit, \u017ee ve\u013ea \u013eud\u00ed tu gejov dr\u017eiacich sa za ruky v\u00a0\u017eivote nevidelo. Preto d\u00fafam, \u017ee by mohlo vznikn\u00fa\u0165 viac podobn\u00fdch pr\u00edbehov v\u00a0popkult\u00fare, aby \u013eudia pochopili, \u017ee sme s\u00fa\u010das\u0165ou spolo\u010dnosti. Na\u0161a komunita z\u00e1vis\u00ed od v\u00e4\u010d\u0161iny, lebo je n\u00e1s \u0161tatisticky menej. Z\u00e1vis\u00edme na tom, ako n\u00e1s \u013eudia prijm\u00fa, aby n\u00e1m uznali pr\u00e1va a\u00a0pochopili na\u0161e probl\u00e9my.<\/span><\/p>\n<p><b>Ako dlho ste spolu s\u00a0priate\u013eom?<\/b><\/p>\n<p><span style=\"font-weight: 400\">Rok, ale stret\u00e1vame sa na dia\u013eku. Teraz prich\u00e1dza krok, \u017ee by sme mali \u017ei\u0165 spolu v\u00a0\u0160tokholme. <\/span><\/p>\n<p><b>Vedel by si odporu\u010di\u0165 na\u0161im \u010ditate\u013ek\u00e1m a \u010ditate\u013eom dobr\u00e9 LGBT knihy?<\/b><\/p>\n<p><span style=\"font-weight: 400\">Daj mi tvoje meno je ve\u013emi dobre nap\u00edsan\u00e1 kniha. In\u0161piroval ma aj Patrick Ness, tie\u017e p\u00ed\u0161e spojenie\u00a0fantasy a\u00a0coming out pr\u00edbehov. P\u00e1\u010dila sa mi od neho kniha More than this \u2013 Nie\u010do naviac, Odpor\u00fa\u010dam e\u0161te diela od Michaela Chabona, Michaela Cuninghama, napr\u00edklad Telo a\u00a0krv, to je skvel\u00e1 kniha, \u00a0Armistead Maupin a\u00a0jeho Tales of the city. Potom mi napad\u00e1 e\u0161te Alison Bechdel nap\u00edsala dos\u0165 vtipn\u00fd lesbick\u00fd komiks Fun home a\u00a0vymyslela Bechdelovej test, pou\u017e\u00edva sa na meranie sexizmu v\u00a0popkult\u00fare. <\/span><\/p>\n<p><b>\u010co by si odporu\u010dil mlad\u00fdm queer \u013eu\u010fom, nejak\u00fa \u017eivotn\u00fa radu? Ako pre\u017ei\u0165 v\u00a0tomto svete, \u010di im aj kniha m\u00f4\u017ee pom\u00f4c\u0165?<\/b><\/p>\n<p><span style=\"font-weight: 400\">Ke\u010f maj\u00fa umeleck\u00e9 vlohy, nech to vyu\u017eij\u00fa, aby sme tu mali viac gej kn\u00edh, gej filmov, nech je to u\u017e s\u00fa\u010das\u0165 na\u0161ej kult\u00fary, ako v\u0161etko ostatn\u00e9. <\/span><\/p>\n<p><b>Mysl\u00ed\u0161 si, \u017ee by to pomohlo zmierni\u0165 predsudky v\u00a0spolo\u010dnosti?<\/b><\/p>\n<p><span style=\"font-weight: 400\">Samozrejme. Kult\u00fara je odrazom toho, \u010do sa v\u00a0spolo\u010dnosti deje. Kniha je umeleck\u00fd prostriedok, ktor\u00fd nemus\u00ed ma\u0165 a\u017e tak\u00fd dosah, pre\u010d\u00edta si ju 1000 \u013eud\u00ed a\u00a0ot\u00e1zkou zost\u00e1va, \u010di je to dos\u0165. Ch\u00fdba tu aj dobr\u00fd gej film. Mali sme tu Anjelov od Roba \u0160vedu aj to je dobre d\u00e1vno. \u00a0Neviem o\u00a0\u017eiadnom hudobn\u00edkovi, ktor\u00fd by pre\u0161iel verejn\u00fdm coming outom. Herci takisto. V\u0161etci sa rozpr\u00e1vame o\u00a0tom, ktor\u00ed politici svoju sexualitu taja ale verejne o\u00a0tom nikomu nepovedia. <\/span><\/p>\n<p><b>M\u00e1\u0161 e\u0161te nejak\u00e9 pl\u00e1ny, \u010do sa t\u00fdka p\u00edsania? <\/b><\/p>\n<p><span style=\"font-weight: 400\">Ke\u010f budem ma\u0165 cielen\u00fd popud, tak by som chcel urobi\u0165 pokra\u010dovanie. Ako som spravil Dob\u0161insk\u00e9ho, nie\u010do podobn\u00e9 chcem vymyslie\u0165 s\u00a0B\u00e1tory\u010dkou, \u010do je tie\u017e s\u00fa\u010das\u0165 n\u00e1\u0161ho folkl\u00f3ru. Cel\u00fd svet vie, \u017ee sme mali hrozn\u00fa \u201cup\u00edrku\u201c ako bol Dracula.<\/span><\/p>\n<p><b>Bude lesba?<\/b><\/p>\n<p><span style=\"font-weight: 400\">Uvid\u00edme. Teraz, ke\u010f nebudem musie\u0165 p\u00edsa\u0165 do nov\u00edn, tak chcem p\u00edsa\u0165 viac pr\u00f3zy. <\/span><\/p>\n<p><b>M\u00e1\u0161 tipy ako sa ti dobre p\u00ed\u0161e?<\/b><\/p>\n<p><span style=\"font-weight: 400\">Prost\u00e9 rozpr\u00e1vky som sa n\u00fatil p\u00edsa\u0165 po sobot\u00e1ch, hoci aj ke\u010f iba jeden odsek, len aby som z\u00a0toho nevypadol, aby som si vypestoval ist\u00fd n\u00e1vyk. Cez t\u00fd\u017ede\u0148 sa mi po n\u00e1vrate z\u00a0nov\u00edn u\u017e nechcelo p\u00edsa\u0165, zost\u00e1vali preto v\u00edkendy. Z\u00a0p\u00edsania sa ned\u00e1 vypadn\u00fa\u0165, ak v\u00a0\u0148om m\u00e1\u0161 discipl\u00ednu, ak m\u00e1\u0161 na\u0148 dan\u00fd pevn\u00fd \u010das. Otvor\u00ed\u0161 dokument a\u00a0ide\u0161, u\u017e nad t\u00fdm nerozm\u00fd\u0161\u013ea\u0161. <\/span><\/p>\n<p><b>Marek Hudec: Prost\u00e9 rozpr\u00e1vky<\/b><\/p>\n<p><span style=\"font-weight: 400\">Ne\u010dakan\u00fd rozchod s\u00a0priate\u013eom sa st\u00e1va zdrojom bolesti, ale aj naivn\u00e9ho snenia n\u00e1\u0161ho hrdinu. Opusten\u00fd partner nedok\u00e1\u017ee pochopi\u0165, \u017ee je koniec, a odp\u00fata\u0165 sa od mu\u017ea, ktor\u00fd aj na\u010falej zostala pre\u0148ho stredobodom vesm\u00edru. Za\u017e\u00edva traumu a ut\u00e1pa sa vo fantazijn\u00fdch halucin\u00e1ci\u00e1ch, ktor\u00e9 k ni\u010domu neved\u00fa. Milovan\u00fa bytos\u0165 uniesol vodn\u00edk, a k\u00fdm n\u00e1\u0161 hrdina nepochop\u00ed cel\u00fa pravdu a nezmieri sa s rozchodom, zostane v podobe zranite\u013enej my\u0161i v moci \u010dernok\u0148a\u017en\u00edka. Nakoniec n\u00e1jde spriaznen\u00fa du\u0161u, ktor\u00e1 mu s\u013e\u00fabi pomoc a spolu s n\u00edm sa vyd\u00e1va do sveta slovensk\u00fdch rozpr\u00e1vok. Fantastick\u00e1 rozpr\u00e1vkov\u00e1 p\u00fa\u0165 po Slovensku ho zavedie tam, kam patr\u00ed, k rodine a k bl\u00edzkym, ktor\u00ed ho spoznaj\u00fa aj v premenenej podobe. Zis\u0165uje, \u017ee mot\u00edvy star\u00fdch rozpr\u00e1vok neboli len vymyslen\u00e9, ale m\u00fdtick\u00e9 bytosti existuj\u00fa skryt\u00e9 pred zrakom be\u017en\u00fdch \u013eud\u00ed. <\/span><\/p>\n","protected":false},"excerpt":{"rendered":"<p>Marek Hudec (28) poch\u00e1dza z\u00a0Nov\u00fdch Z\u00e1mkov. Skon\u010dil \u017eurnalistiku na Masarykovej univerzite v\u00a0Brne. P\u00edsal recenzie pre filmov\u00e9 magaz\u00edny Kinema a Kine\u010dko, v Pravde a v \u010ceskom rozhlase absolvoval odborn\u00fa st\u00e1\u017e. Od roku 2015 bol \u00a0redaktorom oddelenia kult\u00fary v denn\u00edku Sme. Prv\u00e9 poviedky publikoval v magaz\u00edne Inspire, v \u010dasopise \u017divot a na internetovom projekte Drak sa vracia. <a href=\"https:\/\/duhovyrok.sk\/qys\/marek-hudec-chcel-som-napisat-pribeh-dvoch-muzov-co-v-slovenskej-literature-nie-je-tak-caste\/\" class=\"more-link\">&#8230;<\/a><\/p>\n","protected":false},"author":2,"featured_media":1264,"comment_status":"closed","ping_status":"open","sticky":false,"template":"","format":"standard","meta":{"footnotes":""},"categories":[257,10,259],"tags":[],"class_list":["post-1263","post","type-post","status-publish","format-standard","has-post-thumbnail","hentry","category-literatura","category-kultura","category-rozhovory"],"_links":{"self":[{"href":"https:\/\/duhovyrok.sk\/qys\/wp-json\/wp\/v2\/posts\/1263","targetHints":{"allow":["GET"]}}],"collection":[{"href":"https:\/\/duhovyrok.sk\/qys\/wp-json\/wp\/v2\/posts"}],"about":[{"href":"https:\/\/duhovyrok.sk\/qys\/wp-json\/wp\/v2\/types\/post"}],"author":[{"embeddable":true,"href":"https:\/\/duhovyrok.sk\/qys\/wp-json\/wp\/v2\/users\/2"}],"replies":[{"embeddable":true,"href":"https:\/\/duhovyrok.sk\/qys\/wp-json\/wp\/v2\/comments?post=1263"}],"version-history":[{"count":1,"href":"https:\/\/duhovyrok.sk\/qys\/wp-json\/wp\/v2\/posts\/1263\/revisions"}],"predecessor-version":[{"id":2583,"href":"https:\/\/duhovyrok.sk\/qys\/wp-json\/wp\/v2\/posts\/1263\/revisions\/2583"}],"wp:featuredmedia":[{"embeddable":true,"href":"https:\/\/duhovyrok.sk\/qys\/wp-json\/wp\/v2\/media\/1264"}],"wp:attachment":[{"href":"https:\/\/duhovyrok.sk\/qys\/wp-json\/wp\/v2\/media?parent=1263"}],"wp:term":[{"taxonomy":"category","embeddable":true,"href":"https:\/\/duhovyrok.sk\/qys\/wp-json\/wp\/v2\/categories?post=1263"},{"taxonomy":"post_tag","embeddable":true,"href":"https:\/\/duhovyrok.sk\/qys\/wp-json\/wp\/v2\/tags?post=1263"}],"curies":[{"name":"wp","href":"https:\/\/api.w.org\/{rel}","templated":true}]}}