{"id":1250,"date":"2018-11-27T11:43:09","date_gmt":"2018-11-27T10:43:09","guid":{"rendered":"https:\/\/qys.sk\/?p=1250"},"modified":"2018-11-27T11:43:09","modified_gmt":"2018-11-27T10:43:09","slug":"pozvanka-mesiac-ludskych-prav","status":"publish","type":"post","link":"https:\/\/duhovyrok.sk\/qys\/pozvanka-mesiac-ludskych-prav\/","title":{"rendered":"Pozv\u00e1nka: Mesiac \u013dudsk\u00fdch pr\u00e1v"},"content":{"rendered":"<p><strong>Mesiac \u013eudsk\u00fdch pr\u00e1v (30.11.2018 &#8211; 31.12.2018)\u00a0<\/strong><\/p>\n<p>December je Mesiac \u013eudsk\u00fdch pr\u00e1v. Po\u010fte s nami osl\u00e1vi\u0165 \u013eudsk\u00e9 pr\u00e1va, ktor\u00e9 s\u00fa vlastn\u00e9 \u013eudskej bytosti. S\u00fa univerz\u00e1lne, patria ka\u017ed\u00e9mu \u010dloveku bez oh\u013eadu na to, v ktorej krajine \u017eije, k ak\u00e9mu etniku patr\u00ed, ak\u00fa m\u00e1 farbu pleti, ak\u00e9 n\u00e1bo\u017eenstvo vyzn\u00e1va alebo k akej sexu\u00e1lnej orient\u00e1cii, \u010di rodovej identite sa hl\u00e1si. 10. 12. 2018 osl\u00e1vime Medzin\u00e1rodn\u00fd de\u0148 \u013eudsk\u00fdch pr\u00e1v a cel\u00fd december 2018 je Mesiac \u013eudsk\u00fdch pr\u00e1v.<\/p>\n<p>Program:<\/p>\n<p>30.11. &#8211; 16.3.2019 Queer Stories\/ v\u00fdstava<br \/>\nMiesto: tranzit.sk (Beskydsk\u00e1 12, Bratislava)<br \/>\nQueer Stories \u2013 medzin\u00e1rodn\u00e1 skupinov\u00e1 v\u00fdstava sa zaober\u00e1 t\u00e9mou queer identity, ako verejnosti m\u00e1lo zn\u00e1mej a m\u00e1lo prezentovanej spolo\u010denskej kateg\u00f3rie, \u010dasto za\u0165a\u017eenej stereotypn\u00fdm myslen\u00edm a s\u00favisiacej tak so soci\u00e1lnym vyl\u00fa\u010den\u00edm. Je prvou v\u00fdstavou tranzit.sk venovanou tejto t\u00e9me. Predstavuje umelkyne a umelcov, ktor\u00fdch tvoriv\u00e1 prax je zalo\u017een\u00e1 na umeleckom v\u00fdskume a ktor\u00e9 pracuj\u00fa s queer hist\u00f3riami \/ hist\u00f3riami nap\u00edsan\u00fdmi z feministickej perspekt\u00edvy \/ osobn\u00fdmi pr\u00edbehmi. Organiz\u00e1torky chc\u00fa tie\u017e posilni\u0165 bvz\u00e1jomn\u00fa v\u00fdmenu medzi viedenskou queer umeleckou sc\u00e9nou a bratislavskou queer komunitou.<br \/>\nPauline Boudry\/Renate Lorenz, Cabello\/Carceller, Anna Dau\u010d\u00edkov\u00e1, Robert Gabris, Ana Hoffner, Ivan Jurica, Toni Schmale<br \/>\nS pr\u00edspevkami:<br \/>\nPavl\u00edna Fichta \u010cierna, Katrina Daschner, Ashley Hans Scheirl, Sabine Schwaighofer, Nana Swiczinsky, Andrea B. Braidt, Marty Huber<br \/>\nOrganizuje: tranzit.sk<\/p>\n<p><a href=\"https:\/\/www.facebook.com\/events\/887075371488512\/\">https:\/\/www.facebook.com\/events\/887075371488512\/<\/a><\/p>\n<p>10.12. o 19.00 Yuri Korec &amp; Co.: Habibi 2196-18<br \/>\nMiesto: Ticho a spol. (\u0160kolsk\u00e1 14, Bratislava)<br \/>\n:premi\u00e9ra s\u00f3lovej tane\u010dnej performancie:.<br \/>\nJe \u00faplne jedno, kde sa zajatec svojho strachu nach\u00e1dza. Jeho cela nem\u00e1 v\u00fdchod a jeho situ\u00e1cia v\u00fdchodisko. Strachom z toho, k\u00fdm sme, si svoju celu nos\u00edme neust\u00e1le so sebou a jedin\u00fd svet, ktor\u00fd n\u00e1m tak zost\u00e1va, je svet na\u0161ich predst\u00e1v o tom, ak\u00e9 by to bolo keby&#8230;<br \/>\nR\u00e9\u017eia a choreografia: Yuri Korec<br \/>\nChoreografia a performancia: Luk\u00e1\u0161 Zahy<br \/>\nPo predstaven\u00ed \u010dak\u00e1 na div\u00e1kov a div\u00e1\u010dky diskusia s tvorcami<\/p>\n<p><a href=\"https:\/\/www.facebook.com\/events\/364410264329580\/\">https:\/\/www.facebook.com\/events\/364410264329580\/<\/a><\/p>\n<p>11.12. o 19.00 Kapitalks &#8211; Jablko d\u017eenderu<br \/>\nMiesto: tranzit.sk (Beskydsk\u00e1 12, Bratislava)<br \/>\nR\u00e9torika proti &#8222;rodovej ideol\u00f3gii&#8220; nie je v slovenskom prostred\u00ed nov\u00fdm politick\u00fdm n\u00e1strojom a nie je ani jedine\u010dn\u00e1 pre t\u00fato krajinu. V Po\u013esku bolo v roku 2013 slovo &#8222;gender&#8220; prehl\u00e1sen\u00e9 za slovo roka, v tom istom roku sa vo Franc\u00fazsku otvorila iniciat\u00edva La Manif pour Tous, ktor\u00e1 volala po odstr\u00e1nen\u00ed &#8222;rodovej ideol\u00f3gie&#8220; zo \u0161k\u00f4l. V Ma\u010farsku bola rodov\u00e1 perspekt\u00edva vo verejn\u00fdch politik\u00e1ch (tzv. gender mainstreaming) vymenen\u00e1 za prijate\u013enej\u0161iu verziu pre s\u00fa\u010dasn\u00fd re\u017eim &#8211; family mainstreaming. V roku 2014 vydalo Ministerstvo \u0161kolstva SR stanovisko ku pripravovanej strat\u00e9gii \u013eudsk\u00fdch pr\u00e1v, v ktorej sa p\u00edsalo, \u017ee &#8222;rodovo citliv\u00e9 vzdel\u00e1vanie vyvol\u00e1va u det\u00ed ment\u00e1lny chaos&#8220;. Jedna z posledn\u00fdch k\u00e1zni, v ktorej otec Kuffa rozpr\u00e1va o &#8222;rodovej ideol\u00f3gii&#8220; (2 hod, 40 min) m\u00e1 na YouTube 260 tis\u00edc zhliadnut\u00ed.<br \/>\nAko spracov\u00e1va\u0165 mor\u00e1lne paniky, ktor\u00e9 s\u00fa nie len vo v\u00fdchodnej a strednej Eur\u00f3pe novou normou? \u010co m\u00e1 &#8222;rodov\u00e1 ideol\u00f3gia&#8220; s verejn\u00fdmi politikami rodovej rovnosti a ako to s\u00favis\u00ed s ekonomickou kr\u00edzou? Ak\u00ed r\u00f4zni akt\u00e9ri s touto r\u00e9torikou pracuj\u00fa a ako sa na koncept &#8222;rodovej ideol\u00f3gie&#8220; pozer\u00e1 vedeck\u00e1 obec, v ktorej vzniklo u\u017e nieko\u013eko monografi\u00ed na t\u00fato t\u00e9mu?<br \/>\nO r\u00f4znych aspektoch proti-rodov\u00fdch hnut\u00ed a r\u00e9toriky na Slovensku a v in\u00fdch eur\u00f3pskych krajin\u00e1ch sa budeme bavi\u0165 so Zuzanou Ma\u010farovou a Eszter Kov\u00e1ts, ktor\u00e9 sa t\u00e9mou zaoberaj\u00fa vo v\u00fdskume aj v aktivizme.<br \/>\nSpeakerky:<br \/>\nZuzana Ma\u010farov\u00e1 (SK) &#8211; ASPEKT, Fakulta soci\u00e1lnych a ekonomick\u00fdch vied UK<br \/>\nEszter Kov\u00e1ts (HU) &#8211; E\u00f6tv\u00f6s Lor\u00e1nd University (ELTE) v Budape\u0161ti<br \/>\nModeruje:<br \/>\nVeronika Valkovi\u010dov\u00e1 &#8211; feministick\u00e1 sekcia Kapit\u00e1lu<br \/>\n<a href=\"https:\/\/www.facebook.com\/events\/1851080801676257\/\">https:\/\/www.facebook.com\/events\/1851080801676257\/<\/a><br \/>\nSpolupr\u00e1ca: tranzit.sk v r\u00e1mci v\u00fdstavy Queer Stories.<\/p>\n<p>17.12. o 19.00 O n\u00e1s \/ O nich<br \/>\nMiesto: Art caf\u00e9, Bansk\u00e1 \u0160tiavnica (Akademick\u00e1 22, Bansk\u00e1 \u0160tiavnica)<br \/>\nDokument\u00e1rny projekt O N\u00c1S \/ O NICH h\u013ead\u00e1 odpove\u010f prostredn\u00edctvom inscenovania novinov\u00fdch \u010dl\u00e1nkov zo zbierky aktivistu J\u00e1na Majersk\u00e9ho, ktor\u00fd ich zbieral v rokoch 1959 a\u017e 1989.<br \/>\nAk\u00e9 rady dali v tla\u010di gejom a lesb\u00e1m? \u010co nap\u00edsali novin\u00e1ri o n\u00e1v\u0161teve Allena Ginsberga v \u010ceskoslovensku? Ako op\u00edsali pr\u00edpad pra\u017eskej transrodovej \u017eeny?<br \/>\nR\u00e9\u017eia a dramaturgia: D. Kri\u0161tofovi\u010dov\u00e1 a J. Tomandl<br \/>\nSc\u00e9nografia: D. Kri\u0161tofovi\u010dov\u00e1<br \/>\nText: dobov\u00e1 tla\u010d, kolekt\u00edv a D. Kri\u0161tofovi\u010dov\u00e1<br \/>\nHraj\u00fa: M. Karo\u013eov\u00e1, Z. Haverda, \u0160. Richt\u00e1rek, J. \u0160tup\u00e1k<br \/>\nHudba: A. Kru\u017eliakov\u00e1<br \/>\nProdukcia: K. Doktor\u00edkov\u00e1<br \/>\nOdborn\u00e9 konzult\u00e1cie: A. Kuruc, J. Jablonick\u00e1 Zezulov\u00e1<br \/>\nPohybov\u00e1 spolupr\u00e1ca: E. Kolek Spaskov<br \/>\nNahr\u00e1vky: V. Slaninka<br \/>\nRepr\u00edzu z verejn\u00fdch zdrojov podporil Fond na podporu umenia.<\/p>\n<p>20.12. o 19.00 Pr\u00edbeh Geja \/ Pr\u00edbeh Lesby<br \/>\nMiesto: tranzit.sk (Beskydsk\u00e1 12, Bratislava)<br \/>\nZozbieran\u00e9 pr\u00edbehy tvoria \u017eivotn\u00fd cyklus jedn\u00e9ho geja a jednej lesby. Zozbieran\u00edm pr\u00edbehov objektivizujeme pre\u017e\u00edvanie detstva, puberty, mladosti, zrelosti a staroby. Spolo\u010dnos\u0165 sa posunula. Bolo in\u00e9 by\u0165 lesbou po\u010das socializmu, je in\u00e9 by\u0165 lesbou tridsiatni\u010dkou a je in\u00e9 by\u0165 \u0148ou v osemn\u00e1stich v roku 2018. Deti gejovia, deti lesby sa hraj\u00fa s im neprirodzen\u00fdmi hra\u010dkami, dospievaj\u00fa vo vzoroch do ktor\u00fdch nikdy nezapadn\u00fa a zrej\u00fa, aby dozreli. Nie v\u017edy sa im to podar\u00ed. Starneme sami. Zomierame sami, ako v\u0161etci ostatn\u00ed a ostatn\u00e9.<br \/>\nDramatick\u00e9 \u010d\u00edtanie z pripravovan\u00e9ho projektu NOMANTINELS.<br \/>\nPr\u00edbeh Geja\/ pr\u00edbeh lesby podporil Bratislavsk\u00fd samospr\u00e1vy kraj.<br \/>\ndramaturgia: S. Polovkov\u00e1<br \/>\nautori: A. Kuruc, R. Pakan<\/p>\n<p>Mesiac \u013eudsk\u00fdch pr\u00e1v je podporen\u00fd z dota\u010dn\u00e9ho fondu Mesta Bratislava Ars Bratislavensis. Z verejn\u00fdch zdrojov podporil Fond na podporu umenia.<br \/>\nOrganiz\u00e1tor: NOMANTINELS<br \/>\nPartneri: Mesto Bratislava, tranzit.sk, Kapit\u00e1l, Ludus, Ticho a spol.<\/p>\n<p>Zmena v programe je vyhraden\u00e1.<\/p>\n","protected":false},"excerpt":{"rendered":"<p>Mesiac \u013eudsk\u00fdch pr\u00e1v (30.11.2018 &#8211; 31.12.2018)\u00a0 December je Mesiac \u013eudsk\u00fdch pr\u00e1v. Po\u010fte s nami osl\u00e1vi\u0165 \u013eudsk\u00e9 pr\u00e1va, ktor\u00e9 s\u00fa vlastn\u00e9 \u013eudskej bytosti. S\u00fa univerz\u00e1lne, patria ka\u017ed\u00e9mu \u010dloveku bez oh\u013eadu na to, v ktorej krajine \u017eije, k ak\u00e9mu etniku patr\u00ed, ak\u00fa m\u00e1 farbu pleti, ak\u00e9 n\u00e1bo\u017eenstvo vyzn\u00e1va alebo k akej sexu\u00e1lnej orient\u00e1cii, \u010di rodovej identite sa <a href=\"https:\/\/duhovyrok.sk\/qys\/pozvanka-mesiac-ludskych-prav\/\" class=\"more-link\">&#8230;<\/a><\/p>\n","protected":false},"author":2,"featured_media":1251,"comment_status":"closed","ping_status":"open","sticky":false,"template":"","format":"standard","meta":{"footnotes":""},"categories":[1,6,10],"tags":[],"class_list":["post-1250","post","type-post","status-publish","format-standard","has-post-thumbnail","hentry","category-nezaradene","category-pribehy-lgbti-ludi","category-kultura"],"_links":{"self":[{"href":"https:\/\/duhovyrok.sk\/qys\/wp-json\/wp\/v2\/posts\/1250","targetHints":{"allow":["GET"]}}],"collection":[{"href":"https:\/\/duhovyrok.sk\/qys\/wp-json\/wp\/v2\/posts"}],"about":[{"href":"https:\/\/duhovyrok.sk\/qys\/wp-json\/wp\/v2\/types\/post"}],"author":[{"embeddable":true,"href":"https:\/\/duhovyrok.sk\/qys\/wp-json\/wp\/v2\/users\/2"}],"replies":[{"embeddable":true,"href":"https:\/\/duhovyrok.sk\/qys\/wp-json\/wp\/v2\/comments?post=1250"}],"version-history":[{"count":0,"href":"https:\/\/duhovyrok.sk\/qys\/wp-json\/wp\/v2\/posts\/1250\/revisions"}],"wp:featuredmedia":[{"embeddable":true,"href":"https:\/\/duhovyrok.sk\/qys\/wp-json\/wp\/v2\/media\/1251"}],"wp:attachment":[{"href":"https:\/\/duhovyrok.sk\/qys\/wp-json\/wp\/v2\/media?parent=1250"}],"wp:term":[{"taxonomy":"category","embeddable":true,"href":"https:\/\/duhovyrok.sk\/qys\/wp-json\/wp\/v2\/categories?post=1250"},{"taxonomy":"post_tag","embeddable":true,"href":"https:\/\/duhovyrok.sk\/qys\/wp-json\/wp\/v2\/tags?post=1250"}],"curies":[{"name":"wp","href":"https:\/\/api.w.org\/{rel}","templated":true}]}}