{"id":1239,"date":"2018-10-02T14:41:05","date_gmt":"2018-10-02T12:41:05","guid":{"rendered":"http:\/\/qys.sk\/?p=1239"},"modified":"2021-03-18T09:13:21","modified_gmt":"2021-03-18T08:13:21","slug":"reholna-sestra-ak-vam-cirkev-nedava-zmysel-nasledujte-svoje-svedomie","status":"publish","type":"post","link":"https:\/\/duhovyrok.sk\/qys\/reholna-sestra-ak-vam-cirkev-nedava-zmysel-nasledujte-svoje-svedomie\/","title":{"rendered":"Reho\u013en\u00e1 sestra: Ak v\u00e1m cirkev ned\u00e1va zmysel, nasledujte svoje svedomie"},"content":{"rendered":"<div id=\"attachment_1241\" style=\"width: 310px\" class=\"wp-caption alignleft\"><img loading=\"lazy\" decoding=\"async\" aria-describedby=\"caption-attachment-1241\" class=\"size-medium wp-image-1241\" src=\"http:\/\/qys.sk\/wp-content\/uploads\/2018\/10\/Sr-Jeannine-Gramick-300x225.jpg\" alt=\"Jeannine Gramick\" width=\"300\" height=\"225\" \/><p id=\"caption-attachment-1241\" class=\"wp-caption-text\">Jeannine Gramick<\/p><\/div>\n<p><i><span style=\"font-weight: 400\">Sestra\u00a0<\/span><\/i><i>Jeannine G<\/i><i>ramick sa v\u00a0slovensk\u00fdch m\u00e9di\u00e1ch objavila pred troma rokmi, ke\u010f ju p\u00e1pe\u017e Franti\u0161ek spolu s\u00a0p\u00e4tn\u00e1stimi LGBT \u013eu\u010fmi pozval na audienciu do R\u00edma. Gramick tvrd\u00ed, \u017ee man\u017eelstvo m\u00f4\u017ee existova\u0165 medzi \u017eenou a\u00a0mu\u017eom, medzi dvoma \u017eenami aj dvoma mu\u017emi. \u201cD\u00f4le\u017eit\u00e1 je l\u00e1ska a\u00a0oddanos\u0165,\u201d hovor\u00ed. Najv\u00e4\u010d\u0161ou prek\u00e1\u017ekou v\u00a0prijat\u00ed LGBT \u013eud\u00ed s\u00fa pod\u013ea nej biskupi, ktor\u00ed nepo\u010d\u00favaj\u00fa p\u00e1pe\u017ea Franti\u0161ka. \u201cA tak\u00fdch m\u00e1te aj na Slovensku,\u201d povedala po\u010das diskusie v\u00a0Bratislave. Na Slovensko ju pozvala Spolo\u010dnos\u0165 pre otvoren\u00e9 kres\u0165anstvo 21. storo\u010dia.<\/i><\/p>\n<p>&nbsp;<\/p>\n<p><b>Va\u0161i rodi\u010dia s\u00fa Poliaci, ktor\u00ed odi\u0161li do Ameriky, kde ste sa narodili vy. Poliaci s\u00fa v\u00a0Eur\u00f3pe vn\u00edman\u00ed ako jeden z\u00a0najkonzervat\u00edvnej\u0161\u00edch n\u00e1rodov, \u010do sa t\u00fdka pr\u00e1v LGBT \u013eud\u00ed. Va\u0161i rodi\u010dia boli tie\u017e konzervat\u00edvni?<br \/>\n<\/b><span style=\"font-weight: 400\">V\u00a0Amerike neprem\u00fd\u0161\u013eame nad t\u00fdm, kto je Poliakom alebo Talianom. Moja rodina je s\u00a0LGBT \u013eu\u010fmi v\u00a0poriadku. Ja som jedin\u00e1\u010dik, ale moje sesternice a\u00a0\u0161ir\u0161ia rodina akceptuj\u00fa LGBT \u013eud\u00ed.<\/span><\/p>\n<p><b>Odmala ste boli presved\u010den\u00e1 o\u00a0tom, \u017ee by\u0165 tepl\u00fdm je v\u00a0poriadku?<br \/>\n<\/b><span style=\"font-weight: 400\">Ke\u010f som bola mal\u00e1, ani som nevedela, \u017ee nejak\u00ed tepl\u00ed existuj\u00fa. Zistila som to a\u017e ako dvadsiatni\u010dka.<\/span><\/p>\n<p><b>\u010co ste si o\u00a0nich mysleli?<br \/>\n<\/b><span style=\"font-weight: 400\">Spo\u010diatku som ich \u013eutovala, preto\u017ee som prem\u00fd\u0161\u013eala tak, ako prem\u00fd\u0161\u013eala aj spolo\u010dnos\u0165 v\u00a0\u0161es\u0165desiatych a\u00a0sedemdesiatych rokoch. Teda, \u017ee homosexualita je choroba. Potom som sa ale za\u010dala stret\u00e1va\u0165 s\u00a0tepl\u00fdmi \u013eu\u010fmi, \u010d\u00edta\u0165 o\u00a0nich a\u00a0za\u010dala som si uvedomova\u0165, \u017ee nie s\u00fa chor\u00ed a\u00a0je to len m\u00fdtus. Moje n\u00e1zory sa zmenili po tom, \u010do som stretla viacer\u00fdch tepl\u00fdch \u013eud\u00ed a\u00a0\u010d\u00edtala som ve\u013ea vedeck\u00fdch \u010dl\u00e1nkov.<\/span><\/p>\n<p><b>Mysl\u00edte si, \u017ee \u010d\u00edtanie a\u00a0\u0161t\u00fadium by zmenilo n\u00e1zory aj in\u00fdch k\u0148azov a\u00a0\u010dlenov cirkvi?<br \/>\n<\/b><span style=\"font-weight: 400\">\u00c1no, a\u00a0najm\u00e4 by pomohlo, ak by osobne spoznali nejak\u00fdch gejov alebo lesby.<\/span><\/p>\n<p><b>Pre\u010do ignoruj\u00fa vedu a\u00a0tepl\u00fdch \u013eud\u00ed?<br \/>\n<\/b><span style=\"font-weight: 400\">Jedn\u00fdm z\u00a0d\u00f4vodov je, \u017ee maj\u00fa strach z\u00a0\u010dohosi odli\u0161n\u00e9ho. Je nepohodln\u00e9 meni\u0165 svoje n\u00e1zory. Maj\u00fa ur\u010dit\u00fd poh\u013ead na svet a\u00a0nechc\u00fa ho meni\u0165. Tak\u017ee sa nechc\u00fa ani u\u010di\u0165. Ale my sa mus\u00edme neust\u00e1le pok\u00fa\u0161a\u0165 t\u00fdchto \u013eud\u00ed meni\u0165.<\/span><\/p>\n<p><b>Pred troma rokmi ste boli v\u00a0Prahe na D\u00fahovom Pride. Po\u010das jednej diskusie ste povedali, \u017ee cirkev a\u00a0jej in\u0161tit\u00facie \u0161ikanuj\u00fa tepl\u00fdch \u013eud\u00ed. Ako?<br \/>\n<\/b>Kres\u0165ansk\u00e9 in\u0161tit\u00facie ako kostoly alebo \u0161koly by mali vystupova\u0165 proti \u0161ikane. To znamen\u00e1 proti tomu, aby sa z\u00a0niekoho robili \u017earty a\u00a0zosmie\u0161\u0148ovali ho. A\u00a0v\u017edy, ke\u010f u\u010dite\u013e uvid\u00ed, \u017ee sa nie\u010do tak\u00e9 deje, by mal zasiahnu\u0165 a\u00a0opravi\u0165 toho, ktor\u00fd \u0161ikanuje, preto\u017ee ve\u013ea mlad\u00fdch \u013eud\u00ed kv\u00f4li \u0161ikane p\u00e1cha samovra\u017edy, \u010do je pr\u00ed\u0161ern\u00e9. Pred p\u00e1r rokmi sa v\u00a0americk\u00fdch m\u00e9di\u00e1ch objavili spr\u00e1vy o\u00a0mnoh\u00fdch tepl\u00fdch \u013eu\u010foch, ktor\u00ed sp\u00e1chali samovra\u017edy kv\u00f4li \u0161ikane. Kv\u00f4li tomu, \u017ee ich na Facebooku zosmie\u0161\u0148ovali. Viacer\u00ed predstavitelia cirkv\u00ed, nie katol\u00edci, otvorene ods\u00fadili t\u00fato \u0161ikanu, preto\u017ee \u010dasto kon\u010dila smr\u0165ou mlad\u00fdch gejov a\u00a0lesieb. Katol\u00edcki biskupi vtedy nepovedali ni\u010d. Bola som ve\u013emi nahnevan\u00e1.<\/p>\n<p><b>Ako ich ale \u0161ikanuje samotn\u00e1 cirkev?<br \/>\n<\/b><span style=\"font-weight: 400\">T\u00fdm, \u017ee ni\u010d nerobia. Nepostavia sa proti t\u00fdm, ktor\u00ed \u0161ikanuj\u00fa. Zost\u00e1vaj\u00fa ticho a\u00a0ne\u017eiadaj\u00fa spravodlivos\u0165. Napr\u00edklad na Floride v\u00a0meste Orlando pred p\u00e1r rokmi zabili asi 50 tepl\u00fdch \u013eud\u00ed v\u00a0no\u010dnom klube. Katol\u00edcki biskupi sa k\u00a0tomu v\u00f4bec nevyjadrovali. A\u017e po p\u00e1r t\u00fd\u017ed\u0148och vy\u0161li so stanoviskom, v\u00a0ktorom v\u0161ak v\u00f4bec nespomenuli, \u017ee \u0161lo o\u00a0tepl\u00fdch \u013eud\u00ed. Boli to len \u013eudia, ktor\u00ed boli zabit\u00ed v\u00a0klube. Ale oni boli predsa zabit\u00ed, preto, \u017ee boli tepl\u00ed.<\/span><\/p>\n<p><b>Pred troma rokmi ste sa objavili aj v\u00a0slovensk\u00fdch m\u00e9di\u00e1ch, preto\u017ee v\u00e1s p\u00e1pe\u017e Franti\u0161ek po\u010das p\u00fate do R\u00edma pozval na n\u00e1v\u0161tevu. Spolu s\u00a0p\u00e4tn\u00e1stimi tepl\u00fdmi \u013eu\u010fmi v\u00e1s posadil dopredn\u00e9ho radu po\u010das audiencie. Mysl\u00edte si, \u017ee bol iba zdvoril\u00fd alebo to bol v\u00e4\u010d\u0161\u00ed odkaz LGBT \u013eu\u010fom, \u017ee s\u00fa v\u00a0cirkvi v\u00edtan\u00ed?<br \/>\n<\/b><span style=\"font-weight: 400\">Ur\u010dite to bol v\u00e4\u010d\u0161\u00ed odkaz. Nap\u00edsala som p\u00e1pe\u017eovi kto som a\u00a0\u017ee m\u00e1m so sebou aj p\u00e4tn\u00e1s\u0165 LGBT katol\u00edkov, ich rodiny a\u00a0priate\u013eov. V\u00a0minulosti som mala s\u00a0Vatik\u00e1nom probl\u00e9my a\u00a0on poznal m\u00f4j pr\u00edbeh.<\/span><\/p>\n<p><b>Ke\u010f na Slovensku katol\u00edcka cirkev hovor\u00ed o\u00a0spolu\u017eit\u00ed dvoch mu\u017eov alebo \u017eien, v\u017edy to ozna\u010duje za hriech. Hovoria o\u00a0tom ako o\u00a0nemennom fakte. M\u00f4\u017ee sa to zmeni\u0165?<br \/>\n<\/b><span style=\"font-weight: 400\">Zmen\u00ed sa to. Mo\u017eno u\u017e budeme m\u0155tvi, ale zmen\u00ed sa to. Hovor\u00edm to preto, lebo katol\u00edcke u\u010denie o\u00a0sexualite sa v\u00a0priebehu storo\u010d\u00ed neust\u00e1le men\u00ed. Na za\u010diatku, e\u0161te pred sv\u00e4t\u00fdm August\u00ednom, neexistovalo \u017eiadne tabu okolo homosexuality. Do katol\u00edckej cirkvi sa to dostalo spolu s\u00a0gr\u00e9ckou filozofiou. Cirkev sexualitu do svojho u\u010denia zahrnula a\u017e po\u010das vl\u00e1dy sv\u00e4t\u00e9ho August\u00edna. Tvrdil, \u017ee mu\u017e so svojou \u017eenou m\u00f4\u017eu ma\u0165 sex len vtedy, ak z\u00a0neho vznikne die\u0165a. A\u00a0ak nevznikne, tak ide o\u00a0hriech. Toto bolo u\u010denie na prelome \u0161tvrt\u00e9ho a\u00a0piateho storo\u010dia. Dnes u\u017e tomu nikto never\u00ed. Ani ja. Vatik\u00e1n ale neprizn\u00e1, \u017ee u\u010denie sa \u010dasom zmenilo. Nasledovali storo\u010dia, ke\u010f sa cirkev na mor\u00e1lnos\u0165 sexu\u00e1lnych aktov pozerala len cez splodenie \u017eivota. A\u00a0ak tam \u017eiadne splodenie nebolo, pova\u017eovali to za hriech. V\u00a0stredoveku do hry vst\u00fapila l\u00e1ska. Za\u010dalo sa hovori\u0165 o\u00a0tom, \u017ee vo vz\u0165ahu man\u017eelov je okrem z\u00e1meru splodi\u0165 die\u0165a aj l\u00e1ska. No plodenie vtedy bolo st\u00e1le d\u00f4le\u017eitej\u0161ie. Druh\u00fd Vatik\u00e1nsky koncil, teda ofici\u00e1lna cirkev, potom povedala, \u017ee plodenie a\u00a0l\u00e1ska s\u00fa si rovn\u00e9. Od tohto koncilu v\u00e4\u010d\u0161ina mor\u00e1lnych teol\u00f3gov za\u0161la e\u0161te \u010falej. Tvrdia, \u017ee trad\u00edcia hovor\u00ed o\u00a0ploden\u00ed, teda o\u00a0d\u00e1van\u00ed \u017eivota svojej komunite. S\u00fa tu v\u0161ak aj in\u00e9 mo\u017enosti, ako da\u0165 \u017eivot svojej komunite, ne\u017e die\u0165a\u0165om. Ak je l\u00e1ska medzi dvoma \u013eu\u010fmi \u017eiven\u00e1 ich sexu\u00e1lnym \u017eivotom a\u00a0ak im t\u00e1to sexu\u00e1lna l\u00e1ska pom\u00e1ha, nabud\u00ed ich, aby boli produkt\u00edvni, u\u017eito\u010dn\u00ed, kreat\u00edvni a\u00a0vedeli prispieva\u0165 svojej komunite, tak je to dobr\u00e9. V\u00e4\u010d\u0161ina s\u00fa\u010dasn\u00fdch mor\u00e1lnych teol\u00f3gov tvrd\u00ed, \u017ee l\u00e1ska nemus\u00ed by\u0165 len so z\u00e1merom splodi\u0165 die\u0165a, ak samotn\u00e1 l\u00e1ska je plodnou. A\u00a0aj l\u00e1ska medzi p\u00e1rmi rovnak\u00e9ho pohlavia m\u00f4\u017ee by\u0165 tvoriv\u00e1.<\/span><\/p>\n<p><b>Na Slovensku prebieha ve\u013emi v\u00e1\u017ena debata o\u00a0potratoch, preto\u017ee mnoh\u00ed politici chc\u00fa zak\u00e1za\u0165 potraty na po\u017eiadanie \u017eeny. Ke\u010f som v\u0161ak hovorila s\u00a0jedn\u00fdm k\u0148azom, ten okrem potratov ods\u00fadil aj pou\u017e\u00edvanie antikoncepcie. Nevedela som, \u017ee cirkev to st\u00e1le vn\u00edma takto pr\u00edsne.<br \/>\n<\/b><span style=\"font-weight: 400\">Mal pravdu. To je ofici\u00e1lne u\u010denie. Ale napr\u00edklad v\u00a0Spojen\u00fdch \u0161t\u00e1toch u\u017e tomu nikto never\u00ed, nikto si to nev\u0161\u00edma. To je presne to, \u010do hovor\u00ed p\u00e1pe\u017e Franti\u0161ek, \u017ee u\u010denie sa nezmen\u00ed, k\u00fdm sa nezmen\u00ed prax. Je to pravda, preto\u017ee v\u00a0mnoh\u00fdch \u010dastiach sveta u\u017e sa to zmenilo. P\u00e1pe\u017e sa v\u0161ak star\u00e1 o\u00a0cirkev po celom svete, tak\u017ee nesta\u010d\u00ed, aby sa zmenili cirkvi v\u00a0Spojen\u00fdch \u0161t\u00e1toch alebo v\u00a0Eur\u00f3pe. D\u00f4le\u017eitou vecou je svedomie. \u013dudia ho musia po\u010d\u00fava\u0165. A\u00a0ak na\u0161e svedomie hovor\u00ed, \u017ee v\u00e1m to ned\u00e1va zmysel, nasledujte svoje svedomie. Toto je vlastne tradi\u010dn\u00e9 u\u010denie katol\u00edckej cirkvi o\u00a0svedom\u00ed.<\/span><\/p>\n<p><b>Viacer\u00ed k\u0148azmi s\u00fa na Slovensku s\u00fa\u010das\u0165ou hnutia, ktor\u00e9 bojuje za z\u00e1kaz interrupci\u00ed. Ste aj vy proti interrupci\u00e1m?<br \/>\n<\/b><span style=\"font-weight: 400\">Nie.<\/span><\/p>\n<p><b>Pre\u010do? V\u00a0slovenskej katol\u00edckej cirkvi je to vn\u00edman\u00e9 ako jasn\u00fd postoj, o\u00a0ktorom sa nediskutuje.<br \/>\n<\/b><span style=\"font-weight: 400\">Preto\u017ee ver\u00edm, \u017ee \u017eena m\u00e1 ma\u0165 na v\u00fdber. Nem\u00e1m rada potraty. To, \u010do m\u00e1m rada, je \u017eivot. Niekedy je v\u0161ak d\u00f4le\u017eitej\u0161\u00ed \u017eivot \u017eeny. A\u00a0ak to tehotenstvo nedok\u00e1\u017ee zvl\u00e1dnu\u0165, tak ho jednoducho nedok\u00e1\u017ee zvl\u00e1dnu\u0165.<\/span><\/p>\n<p><b>Povedali ste, \u017ee mno\u017estvo k\u0148azov zost\u00e1va konzervat\u00edvnych, pri\u010dom v\u00e4\u010d\u0161ina reho\u013en\u00fdch sestier je naopak liber\u00e1lnych. Pod\u013ea v\u00e1s je to d\u00f4sledkom reformy na \u0161kol\u00e1ch, ktor\u00e9 ich vychov\u00e1vaj\u00fa. Nie je to v\u0161ak aj t\u00fdm, \u017ee \u017eeny sa k\u00a0LGBT \u013eu\u010fom celkovo stavaj\u00fa priate\u013eskej\u0161ie, mo\u017eno preto, \u017ee s\u00fa viac empatick\u00e9?<br \/>\n<\/b><span style=\"font-weight: 400\">Ktovie. Mysl\u00edm si, \u017ee \u017eeny dok\u00e1\u017eu viac c\u00edti\u0165 s\u00a0\u013eu\u010fmi, ma\u0165 viac pochopenia a\u00a0re\u0161pekt k\u00a0situ\u00e1cii, v\u00a0ktorej sa ocitli. Nie s\u00fa tak\u00e9 rigidn\u00e9, ch\u00e1pu, \u017ee existuj\u00fa r\u00f4zne okolnosti. Z\u00a0v\u00fdskumov vypl\u00fdva, \u017ee \u017eeny maj\u00fa men\u0161\u00ed probl\u00e9m s\u00a0nejednozna\u010dnos\u0165ou, ne\u017e mu\u017ei. Ch\u00e1pu, \u017ee veci nemusia by\u0165 biele alebo \u010dierne, ale \u017ee existuj\u00fa aj \u0161ed\u00e9 z\u00f3ny, ktor\u00e9 s\u00fa kdesi medzi nimi.<\/span><\/p>\n<p><b>\u00cdrske referendum o\u00a0interrupci\u00e1ch skon\u010dilo ich legaliz\u00e1ciou. Jeden k\u0148az po referende povedal, \u017ee cirkev sa bude musie\u0165 zmeni\u0165, preto\u017ee mlad\u00fdm nem\u00e1 \u010do pon\u00faknu\u0165. Je z\u00e1sadne proti pr\u00e1vam LGBT \u013eud\u00ed a\u00a0prakticky aj proti \u017eenskej emancip\u00e1cii. S\u00fahlas\u00edte, \u017ee sa mus\u00ed zmeni\u0165?<br \/>\n<\/b><span style=\"font-weight: 400\">S\u00fahlas\u00edm. Slovo cirkev sa zvy\u010dajne pou\u017e\u00edva len na ozna\u010denie biskupov a\u00a0k\u0148azov, ale ja ho pou\u017e\u00edvam na ozna\u010denie v\u0161etk\u00fdch. V\u0161etci sa mus\u00edme zmeni\u0165, prija\u0165 realitu a\u00a0to, \u017ee \u010dasy sa menia. A\u00a0na z\u00e1klade toho mus\u00edme robi\u0165 zdrav\u00e9, m\u00fadre a\u00a0mor\u00e1lne rozhodnutia. Mus\u00edme \u017ei\u0165 dne\u0161nom svete a\u00a0pod\u013ea toho, \u010do n\u00e1m hovor\u00ed veda.<\/span><\/p>\n<p><b>Zmena ale pod\u013ea v\u00e1s nepr\u00edde od p\u00e1pe\u017ea alebo arcibiskupov.<br \/>\n<\/b><span style=\"font-weight: 400\">To mus\u00ed pr\u00eds\u0165 od \u013eud\u00ed.<\/span><\/p>\n<p><b>Povedali ste, \u017ee ak by chceli LGBT \u013eudia striktne nasledova\u0165 ofici\u00e1lne u\u010denie Vatik\u00e1nu, m\u00f4\u017ee to by\u0165 pre nich nebezpe\u010dn\u00e9. Ako?<br \/>\n<\/b><span style=\"font-weight: 400\">U\u010d\u00ed ich, \u017ee s\u00fa nie\u010do menej ako heterosexu\u00e1lni \u013eudia.<\/span><\/p>\n<p><b>Ale oni predsa tvrdia, \u017ee s\u00fa si rovn\u00ed, \u017ee ich akceptuj\u00fa.<br \/>\n<\/b><span style=\"font-weight: 400\">Nie, Vatik\u00e1n tvrd\u00ed, \u017ee s\u00fa vn\u00fatorne naru\u0161en\u00ed (angl. intrinsically disordered, pozn. aut.). A\u00a0to znie naozaj zle. Znamen\u00e1 to, \u017ee s\u00fa menej ako ostatn\u00ed. Nie s\u00fa dos\u0165 dobr\u00ed. Nenasledujte toto neprav\u00e9 u\u010denie. V\u00a0bud\u00facnosti sa toti\u017e zmen\u00ed. Jedin\u00e9, na \u010do by sa mali s\u00fastredi\u0165, je, \u017ee s\u00fa bo\u017eie deti, maj\u00fa svoju d\u00f4stojnos\u0165 a\u00a0zasl\u00fa\u017eia si od druh\u00fdch re\u0161pekt. Len preto, \u017ee je niekto in\u00fd, \u017ee m\u00e1 hned\u00e9 alebo \u010dierne vlasy, z\u00a0neho nerob\u00ed lep\u0161ieho \u010dloveka, ako s\u00fa t\u00ed s\u00a0bielymi vlasmi. Niekto s\u00a0modr\u00fdmi o\u010dami zasa nie je lep\u0161\u00ed ne\u017e t\u00ed s\u00a0hned\u00fdmi o\u010dami. Takisto heterosexualita z\u00a0\u013eud\u00ed nerob\u00ed hodnotnej\u0161ieho \u010dloveka, ne\u017e s\u00fa homosexu\u00e1li alebo transrodov\u00ed \u013eudia. Ka\u017ed\u00fd sme predsa in\u00fd.<\/span><\/p>\n<p><b>Tak\u017ee by sme nemali stroho nasledova\u0165 u\u010denie?<br \/>\n<\/b><span style=\"font-weight: 400\">Mali by sme nasledova\u0165 u\u010denie l\u00e1sky.<\/span><\/p>\n<p><b>Za \u0161\u00edrenie tolerancie vo\u010di LGBT \u013eu\u010fom v\u00e1s cirkev potrestala\u2026<br \/>\n<\/b><span style=\"font-weight: 400\">\u2026v\u00a0podstate mi len povedali, \u017ee by som to nemala robi\u0165.<\/span><\/p>\n<p><b>Ale vy to st\u00e1le rob\u00edte.<br \/>\n<\/b><span style=\"font-weight: 400\">\u00c1no. Po\u010fakovala som im za doru\u010denie \u017eiadosti a\u00a0povedala som im, \u017ee dobre, sp\u00fdtali ste sa ma, \u010di s\u00a0t\u00fdm nem\u00f4\u017eem presta\u0165, a\u00a0ja som povedala nie.<\/span><\/p>\n<p><b>A\u00a0oni ni\u010d neurobili?<br \/>\n<\/b><span style=\"font-weight: 400\">Mne nie. \u0160li za mojimi nadriaden\u00fdmi a\u00a0tla\u010dili na nich. Moja prv\u00e1 komunita \u0160kolsk\u00fdch sestier de Notre Dame mi povedala, \u017ee ak neprestanem, budem vyl\u00fa\u010den\u00e1. Zmenila som teda komunitu a\u00a0\u0161la k\u00a0Loret\u00e1nskym sestr\u00e1m. Vtedy Vatik\u00e1n za\u010dal p\u00edsa\u0165 listy Loret\u00e1nskym sestr\u00e1m. P\u00edsali im, \u017ee mi to zak\u00e1zali a\u00a0ak to budem robi\u0165 aj na\u010falej, bud\u00fa ma musie\u0165 vyl\u00fa\u010di\u0165. Loret\u00e1nske sestry im odp\u00edsali, \u017ee \u010fakuj\u00fa za list, ale ja iba \u0161\u00edrim evanjelium. Odkedy je vo Vatik\u00e1ne p\u00e1pe\u017e Franti\u0161ek, nepri\u0161li n\u00e1m \u017eiadne \u010fal\u0161ie listy.<\/span><\/p>\n<p><b>Nie je \u0165a\u017ek\u00e9 \u0161\u00edri\u0165 toleranciu k\u00a0LGBT \u013eu\u010fom, ak st\u00e1le hroz\u00ed, \u017ee Vatik\u00e1n m\u00f4\u017ee za\u010da\u0165 tla\u010di\u0165 na va\u0161e nadriaden\u00e9?<br \/>\n<\/b><span style=\"font-weight: 400\">Dnes u\u017e \u017eiaden tlak nec\u00edtim.<\/span><\/p>\n<p><b>P\u00e1pe\u017e Franti\u0161ek mo\u017eno bude vedie\u0165 zmeni\u0165 cirkev zhora.<br \/>\n<\/b><span style=\"font-weight: 400\">\u010cak\u00e1 na n\u00e1s. Hovor\u00ed, aby sme ne\u010dakali na jeho povolenie, a\u00a0robili to, \u010do si mysl\u00edme, \u017ee by sme mali robi\u0165.<\/span><\/p>\n","protected":false},"excerpt":{"rendered":"<p>Toleranciu k LGBT \u013eu\u010fom sestra Jeannine Gramick neprestala \u0161\u00edri\u0165 ani po tom, \u010do jej z Vatik\u00e1nu hrozili vyl\u00fa\u010den\u00edm z r\u00e1du.<\/p>\n","protected":false},"author":4,"featured_media":1240,"comment_status":"closed","ping_status":"open","sticky":false,"template":"","format":"standard","meta":{"footnotes":""},"categories":[2,6,7,259],"tags":[],"class_list":["post-1239","post","type-post","status-publish","format-standard","has-post-thumbnail","hentry","category-comingout","category-pribehy-lgbti-ludi","category-pride","category-rozhovory"],"_links":{"self":[{"href":"https:\/\/duhovyrok.sk\/qys\/wp-json\/wp\/v2\/posts\/1239","targetHints":{"allow":["GET"]}}],"collection":[{"href":"https:\/\/duhovyrok.sk\/qys\/wp-json\/wp\/v2\/posts"}],"about":[{"href":"https:\/\/duhovyrok.sk\/qys\/wp-json\/wp\/v2\/types\/post"}],"author":[{"embeddable":true,"href":"https:\/\/duhovyrok.sk\/qys\/wp-json\/wp\/v2\/users\/4"}],"replies":[{"embeddable":true,"href":"https:\/\/duhovyrok.sk\/qys\/wp-json\/wp\/v2\/comments?post=1239"}],"version-history":[{"count":1,"href":"https:\/\/duhovyrok.sk\/qys\/wp-json\/wp\/v2\/posts\/1239\/revisions"}],"predecessor-version":[{"id":2606,"href":"https:\/\/duhovyrok.sk\/qys\/wp-json\/wp\/v2\/posts\/1239\/revisions\/2606"}],"wp:featuredmedia":[{"embeddable":true,"href":"https:\/\/duhovyrok.sk\/qys\/wp-json\/wp\/v2\/media\/1240"}],"wp:attachment":[{"href":"https:\/\/duhovyrok.sk\/qys\/wp-json\/wp\/v2\/media?parent=1239"}],"wp:term":[{"taxonomy":"category","embeddable":true,"href":"https:\/\/duhovyrok.sk\/qys\/wp-json\/wp\/v2\/categories?post=1239"},{"taxonomy":"post_tag","embeddable":true,"href":"https:\/\/duhovyrok.sk\/qys\/wp-json\/wp\/v2\/tags?post=1239"}],"curies":[{"name":"wp","href":"https:\/\/api.w.org\/{rel}","templated":true}]}}