{"id":1213,"date":"2018-09-06T14:29:21","date_gmt":"2018-09-06T12:29:21","guid":{"rendered":"http:\/\/qys.sk\/?p=1213"},"modified":"2018-09-06T14:29:21","modified_gmt":"2018-09-06T12:29:21","slug":"hladame-redaktorov-redaktorky-do-magazinu-qys","status":"publish","type":"post","link":"https:\/\/duhovyrok.sk\/qys\/hladame-redaktorov-redaktorky-do-magazinu-qys\/","title":{"rendered":"H\u013ead\u00e1me redaktorov\/redaktorky do magaz\u00ednu QYS"},"content":{"rendered":"<p>&nbsp;<\/p>\n<p>Bav\u00ed v\u00e1s p\u00edsa\u0165 o zauj\u00edmav\u00fdch \u013eu\u010foch, filmoch, divadle,<br \/>\n\u010di \u010fal\u0161\u00edch t\u00e9mach?<br \/>\nZauj\u00edmaj\u00fa v\u00e1s \u013eudsk\u00e9 pr\u00e1va?<br \/>\nSte \u0161tudentom, alebo \u0161tudentkou \u017eurnalistiky, alebo<br \/>\nm\u00e1te sk\u00fasenosti s p\u00edsan\u00edm \u010dl\u00e1nkov?<br \/>\nAk \u00e1no, tak h\u013ead\u00e1me pr\u00e1ve v\u00e1s!<\/p>\n<p><strong>Prihl\u00e1ste sa za redaktorku\/redaktora, alebo editora\/editorku magaz\u00ednu QYS, ktor\u00fd sa venuje<\/strong><br \/>\n<strong>queer kult\u00fare a pr\u00edbehom LGBT \u013eud\u00ed.<\/strong><\/p>\n<p>V pr\u00edpade z\u00e1ujmu p\u00ed\u0161te na: <strong><a href=\"mailto:info@nomantinels.sk\">info@nomantinels.sk<\/a><\/strong><\/p>\n<p><strong>\u010co z\u00edskate?<\/strong><\/p>\n<ul>\n<li>sk\u00fasenosti s\u00a0pr\u00e1cou v\u00a0magaz\u00edne a\u00a0odborn\u00fa prax<\/li>\n<li>spozn\u00e1te zauj\u00edmav\u00fdch \u013eud\u00ed z\u00a0oblasti queer umenia<\/li>\n<li>budete ma\u0165 maxim\u00e1lnu flexibilitu<\/li>\n<li>po zau\u010den\u00ed ak vydr\u017e\u00edte \u00a0budete dost\u00e1va\u0165 odmenu<\/li>\n<\/ul>\n","protected":false},"excerpt":{"rendered":"<p>&nbsp; Bav\u00ed v\u00e1s p\u00edsa\u0165 o zauj\u00edmav\u00fdch \u013eu\u010foch, filmoch, divadle, \u010di \u010fal\u0161\u00edch t\u00e9mach? Zauj\u00edmaj\u00fa v\u00e1s \u013eudsk\u00e9 pr\u00e1va? Ste \u0161tudentom, alebo \u0161tudentkou \u017eurnalistiky, alebo m\u00e1te sk\u00fasenosti s p\u00edsan\u00edm \u010dl\u00e1nkov? Ak \u00e1no, tak h\u013ead\u00e1me pr\u00e1ve v\u00e1s! Prihl\u00e1ste sa za redaktorku\/redaktora, alebo editora\/editorku magaz\u00ednu QYS, ktor\u00fd sa venuje queer kult\u00fare a pr\u00edbehom LGBT \u013eud\u00ed. V pr\u00edpade z\u00e1ujmu p\u00ed\u0161te na: <a href=\"https:\/\/duhovyrok.sk\/qys\/hladame-redaktorov-redaktorky-do-magazinu-qys\/\" class=\"more-link\">&#8230;<\/a><\/p>\n","protected":false},"author":2,"featured_media":1209,"comment_status":"closed","ping_status":"open","sticky":false,"template":"","format":"standard","meta":{"footnotes":""},"categories":[4],"tags":[],"class_list":["post-1213","post","type-post","status-publish","format-standard","has-post-thumbnail","hentry","category-praca"],"_links":{"self":[{"href":"https:\/\/duhovyrok.sk\/qys\/wp-json\/wp\/v2\/posts\/1213","targetHints":{"allow":["GET"]}}],"collection":[{"href":"https:\/\/duhovyrok.sk\/qys\/wp-json\/wp\/v2\/posts"}],"about":[{"href":"https:\/\/duhovyrok.sk\/qys\/wp-json\/wp\/v2\/types\/post"}],"author":[{"embeddable":true,"href":"https:\/\/duhovyrok.sk\/qys\/wp-json\/wp\/v2\/users\/2"}],"replies":[{"embeddable":true,"href":"https:\/\/duhovyrok.sk\/qys\/wp-json\/wp\/v2\/comments?post=1213"}],"version-history":[{"count":0,"href":"https:\/\/duhovyrok.sk\/qys\/wp-json\/wp\/v2\/posts\/1213\/revisions"}],"wp:featuredmedia":[{"embeddable":true,"href":"https:\/\/duhovyrok.sk\/qys\/wp-json\/wp\/v2\/media\/1209"}],"wp:attachment":[{"href":"https:\/\/duhovyrok.sk\/qys\/wp-json\/wp\/v2\/media?parent=1213"}],"wp:term":[{"taxonomy":"category","embeddable":true,"href":"https:\/\/duhovyrok.sk\/qys\/wp-json\/wp\/v2\/categories?post=1213"},{"taxonomy":"post_tag","embeddable":true,"href":"https:\/\/duhovyrok.sk\/qys\/wp-json\/wp\/v2\/tags?post=1213"}],"curies":[{"name":"wp","href":"https:\/\/api.w.org\/{rel}","templated":true}]}}