{"id":1019,"date":"2018-08-01T09:59:21","date_gmt":"2018-08-01T07:59:21","guid":{"rendered":"http:\/\/qys.sk\/?p=1019"},"modified":"2021-03-18T09:14:31","modified_gmt":"2021-03-18T08:14:31","slug":"diana-pruchnerovicova-je-skvele-ked-vidim-dobru-atmosferu-nateseny-sprievod-krasnu-energiu","status":"publish","type":"post","link":"https:\/\/duhovyrok.sk\/qys\/diana-pruchnerovicova-je-skvele-ked-vidim-dobru-atmosferu-nateseny-sprievod-krasnu-energiu\/","title":{"rendered":"Diana Pruchnerovi\u010dov\u00e1: Je skvel\u00e9, ke\u010f vid\u00edm dobr\u00fa atmosf\u00e9ru, nate\u0161en\u00fd sprievod, kr\u00e1snu energiu"},"content":{"rendered":"<p><em>Diana Pruchnerovi\u010dov\u00e1 m\u00e1 29 rokov, poch\u00e1dza z Pre\u0161ova, 10 rokov \u017eije v Bratislave. D\u00fahov\u00fd PRIDE Bratislava rob\u00ed po pr\u00e1ci vo vo\u013enom \u010dase, pre dvoma rokmi sa stala jeho riadite\u013ekou.<\/em><\/p>\n<p><strong>Ako si sa stala riadite\u013ekou najv\u00e4\u010d\u0161ieho d\u00fahov\u00e9ho PRIDE na Slovensku? Pre\u010do to rob\u00ed\u0161?<\/strong><\/p>\n<p>D\u00fahov\u00fd PRIDE je moja srdcovka a som ve\u013emi rada, \u017ee sa dar\u00ed udr\u017ea\u0165 kontinuitu v organizovan\u00ed podujatia aj v\u010faka nasadeniu \u00fa\u017easn\u00fdch \u013eud\u00ed od roku 2010. Tento rok n\u00e1s \u010dak\u00e1 u\u017e \u00f4smy ro\u010dn\u00edk. Ke\u010f som vst\u00fapila do PRIDE t\u00edmu, mojou \u00falohou bola bezpe\u010dnos\u0165 podujatia. Na\u0161la som sa v tom, bavilo ma to. Postupne boli nov\u00e9 vo\u013eby, menili sa \u010dlenovia a \u010dlenky t\u00edmu a po vo\u013eb\u00e1ch som sa stala predsedn\u00ed\u010dkou spr\u00e1vnej rady ob\u010dianskeho zdru\u017eenia D\u00fahov\u00fd PRIDE. Rie\u0161enia bezpe\u010dnosti som sa nevzdala ani po prijat\u00ed novej \u00falohy a st\u00e1le je to tak, \u017ee to, aby sa ni\u010d nepr\u00edjemn\u00e9 na PRIDE nestalo, je moja priorita. D\u00f4le\u017eit\u00e9 pre m\u0148a bolo smerova\u0165 n\u00e1\u0161 t\u00edm k agiln\u00fdm met\u00f3dam &#8211; aby bol samoriadiaci a samokontroln\u00fd. Sme partia \u013eud\u00ed, ktor\u00ed radi vz\u00e1jomne spolupracuj\u00fa, robia to po pr\u00e1ci vo svojom vo\u013enom \u010dase a ka\u017ed\u00e9mu jedn\u00e9mu a ka\u017edej jednej na PRIDE ve\u013emi z\u00e1le\u017e\u00ed. Pracova\u0165 s tak\u00fdmi vynikaj\u00facimi kolegami a kolegy\u0148ami je pre m\u0148a nie len \u010des\u0165, ale aj rados\u0165.<\/p>\n<p><strong>Ovplyvnilo nejak\u00fdm sp\u00f4sobom tvoj \u017eivot to, \u017ee si viac na o\u010diach verejnosti?<\/strong><\/p>\n<p>Ovplyvnilo to m\u00f4j \u017eivot v tom, \u017ee m\u00e1m ove\u013ea menej vo\u013en\u00e9ho \u010dasu. U\u017e od novembra mysl\u00edm na PRIDE a rie\u0161im ho. Na druhej strane to v\u0161ak prinieslo mnoho zauj\u00edmav\u00fdch \u013eud\u00ed, pribl\u00ed\u017eilo ma to k r\u00f4znym t\u00e9mam, ktor\u00fdm som sa predt\u00fdm nemala \u0161ancu venova\u0165. M\u00e1m rada svoje s\u00fakromie, nerada sa o\u0148 del\u00edm, no t\u00e1to pr\u00e1ca to do istej miery vy\u017eaduje, a tak som si povedala, \u017ee to akceptujem.<\/p>\n<p><strong>Za\u010dala si dost\u00e1va\u0165 vo v\u00e4\u010d\u0161ej miere nen\u00e1vistn\u00e9 spr\u00e1vy?<\/strong><\/p>\n<p>Mus\u00edm poveda\u0165, \u017ee \u00e1no, ale rok od roka menej a menej. Vyskytn\u00fa sa v\u017edy po \u010dl\u00e1nku o PRIDE, po zverejnen\u00ed mojich fotografi\u00ed. Ak mi pr\u00eddu spr\u00e1vy, ktor\u00e9 s\u00fa s\u00edce nen\u00e1vistn\u00e9, no je v nich nejak\u00e1 ot\u00e1zka, alebo vid\u00edm potenci\u00e1l debaty, na v\u0161etky sa sna\u017e\u00edm reagova\u0165. Beriem to ako s\u00fa\u010das\u0165 svojej pr\u00e1ce. V ka\u017edom pr\u00edpade to omnoho viac vyva\u017euj\u00fa pozit\u00edvne spr\u00e1vy. Ako som spom\u00ednala, \u010d\u00edtam v\u0161etko, nerob\u00ed mi to zle. Je to t\u00e9ma, ktor\u00fa mnoho politikov zneu\u017e\u00edva, \u013eudia maj\u00fa preto mnohokr\u00e1t pocit, \u017ee je spr\u00e1vne, ke\u010f v\u00e1m vynadaj\u00fa alebo sa hanlivo vyjadria vo\u010di LGBT \u013eu\u010fom. Sna\u017e\u00edm sa s nimi o tom hovori\u0165, beriem to tie\u017e ako s\u00fa\u010das\u0165 mojej pr\u00e1ce a toho, \u010do to prin\u00e1\u0161a.<\/p>\n<p><strong>Ak\u00fa m\u00e1\u0161 najlep\u0161iu spomienku na D\u00fahov\u00fd PRIDE?<\/strong><\/p>\n<p>Pre m\u0148a je najkraj\u0161\u00ed pocit, ke\u010f u\u017e prejde pochod a ja sa potom v\u017edy postav\u00edm na za\u010diatok, na vstup Hviezdoslavovho n\u00e1mestia, a ke\u010f prich\u00e1dzaj\u00fa \u013eudia, ka\u017ed\u00fd je vysmiaty, zdrav\u00edme sa a d\u00e1me si \u201ehigh five\u201c. Je skvel\u00e9, ke\u010f vid\u00edm dobr\u00fa atmosf\u00e9ru, nate\u0161en\u00fd sprievod, kr\u00e1snu energiu. To je vrchol d\u00fahov\u00e9ho d\u0148a.<\/p>\n<p><strong>Ak\u00e1 bola najz\u00e1\u0165a\u017eovej\u0161ia situ\u00e1cia pri organizovan\u00ed Pride?<\/strong><\/p>\n<p>N\u00e1ro\u010dn\u00e9 je vybavovanie a rie\u0161enie r\u00f4znych administrat\u00edvnych vec\u00ed pred konan\u00edm PRIDE. Ke\u010f\u017ee za\u010d\u00edname s pr\u00edpravou v novembri, tak v\u0161etky povolenia, zakreslenia, vybavovania, komunik\u00e1cia \u010do m\u00f4\u017eeme, \u010do nem\u00f4\u017eeme, je v\u017edy najn\u00e1ro\u010dnej\u0161ia \u010das\u0165 pr\u00edpravy. Samotn\u00fd de\u0148 PRIDEu je pre m\u0148a najhektickej\u0161\u00edm d\u0148om v celom roku. Za\u010d\u00edna o \u00f4smej r\u00e1no, m\u00e1m vtedy prv\u00e9 stretnutia, potom sa s pol\u00edciou stret\u00e1vam na Hviezdoslavovom n\u00e1mest\u00ed, potom posledn\u00e9 in\u0161trukcie bezpe\u010dnostnej slu\u017ebe, p\u00e1r slov s dobrovo\u013en\u00edkmi, tak aby bolo v\u0161etko tip top, ke\u010f sa otvoria br\u00e1ny samotn\u00e9ho PRIDE. M\u00f4j pracovn\u00fd de\u0148 kon\u010d\u00ed cca okolo piatej r\u00e1no nasleduj\u00faceho d\u0148a. Afterparty si tie\u017e nestihnem ve\u013emi u\u017ei\u0165, aj to je s\u00fa\u010das\u0165 m\u00f4jho pracovn\u00e9ho d\u0148a, no ke\u010f\u017ee tieto veci n\u00e1m rob\u00ed Roman Samotn\u00fd, starosti s organizovan\u00edm, zh\u00e1\u0148an\u00edm priestorov a DJov mi odpadn\u00fa. Ale ten pocit, ke\u010f v\u0161etko dobre dopadne a v\u0161etko sa vydar\u00ed, je \u00fa\u017easn\u00fd. Na \u017eiadnu teda vyslovene najz\u00e1\u0165a\u017eovej\u0161iu situ\u00e1ciu si nespom\u00ednam. Sna\u017e\u00edm sa ma\u0165 v\u0161etko pripraven\u00e9 tak, aby nast\u00e1valo \u010do najmenej stresov.<\/p>\n<p><strong>S \u00faradmi sa spolupracuje dobre?<\/strong><\/p>\n<p>Na z\u00e1klade kontinuity a dlhoro\u010dnej spolupr\u00e1ce si mysl\u00edm, \u017ee m\u00e1me vybudovan\u00e9 dobr\u00e9 vz\u0165ahy. Vedia \u010do od n\u00e1s m\u00f4\u017eu o\u010dak\u00e1va\u0165, ale v\u017edy samozrejme z\u00e1le\u017e\u00ed od nastavenia mesta a aktu\u00e1lnej politickej situ\u00e1cie. Tento rok to bolo o nie\u010do n\u00e1ro\u010dnej\u0161ie ako po minul\u00e9 roky, vyskytli sa aj nejak\u00e9 prek\u00e1\u017eky, no zareagovali sme a v\u0161etko sme vyrie\u0161ili, alebo vymysleli tak, aby n\u00e1m ni\u010d nech\u00fdbalo.<\/p>\n<p><strong>Mnoh\u00ed \u013eudia hovoria, \u017ee sa nez\u00fa\u010dast\u0148uj\u00fa PRIDE, preto\u017ee je extravagantn\u00fd, ako to je pod\u013ea teba?<\/strong><\/p>\n<p>PRIDE v in\u00fdch krajin\u00e1ch je bu\u010f karneval, festival, alebo oslava. Na Slovensku sme v\u0161ak e\u0161te st\u00e1le nedosiahli pokrok v oblasti pr\u00e1v LGBTI \u013eud\u00ed a aj preto u n\u00e1s PRIDE nevyzer\u00e1 ako karneval, sk\u00f4r sa prostredn\u00edctvom neho sna\u017e\u00edme vyjadri\u0165, \u010do by sme pre komunitu chceli dosiahnu\u0165. Mne PRIDE u n\u00e1s nikdy nepri\u0161iel extravagantn\u00fd, nepobehuj\u00fa tam nah\u00ed \u013eudia. Tak isto ako stretneme r\u00f4znych \u013eud\u00ed hocikde na ulici, v n\u00e1kupnom centre, ich cel\u00fa \u0161k\u00e1lu stret\u00e1vame na D\u00fahovom PRIDE, len s\u00fa tro\u0161ku farebnej\u0161\u00ed a vesel\u0161\u00ed.<\/p>\n<p><strong>Ako je to s bezpe\u010dnos\u0165ou na PRIDE, musia ma\u0165 \u013eudia obavy pr\u00eds\u0165?<\/strong><\/p>\n<p>Aj tento rok, ako ka\u017ed\u00fd, sa sna\u017e\u00edme zaisti\u0165 bezpe\u010dnos\u0165 tak, aby neboli d\u00f4vody na obavy. Jednania s pol\u00edciou prebehli, je to top priorita, ktor\u00e1 zah\u0155\u0148a mnoho krokov, preto\u017ee ak sa tam \u013eudia nebud\u00fa c\u00edti\u0165 bezpe\u010dne, nepr\u00eddu. Spolupr\u00e1ca s pol\u00edciou je dlhodob\u00e1, m\u00e1me korektn\u00e9 vz\u0165ahy a sna\u017e\u00edme sa dosahova\u0165 kompromisy. Na br\u00e1nach bud\u00fa op\u00e4\u0165 kontrolovan\u00e9 vstupy, aby sa zaistil \u010do najvy\u0161\u0161\u00ed stupe\u0148 bezpe\u010dnosti. \u010eakujem teda v\u0161etk\u00fdm, ktor\u00ed s\u00fa pri pr\u00edchode na PRIDE trpezliv\u00ed. Tento rok sme nav\u00fd\u0161ili po\u010det br\u00e1n na ka\u017edej strane dvojn\u00e1sobne, aby vstup na podujatie bol \u010do najplynulej\u0161\u00ed.<\/p>\n<p><strong>Ak\u00fd odkaz m\u00e1\u0161 pre \u00fa\u010dastn\u00ed\u010dky a \u00fa\u010dastn\u00edkov PRIDEu?<\/strong><\/p>\n<p>Som ve\u013emi v\u010fa\u010dn\u00e1 za ka\u017ed\u00e9ho jedn\u00e9ho podporovate\u013ea a podporovate\u013eku. Hviezdoslavovo n\u00e1mestie, ako i cel\u00e1 trasa pochodu s\u00fa vynikaj\u00faco pripraven\u00e9. Tak, ako na ka\u017edom inom verejnom zhroma\u017eden\u00ed, i na PRIDE ide o vyjadrenie svojho postoja a budem rada, ak sa popri tom aj zabav\u00edme.<\/p>\n<p><strong>Ak\u00fd bol tvoj osobn\u00fd coming out?<\/strong><\/p>\n<p>Ja som sa vyoutovala v osemn\u00e1stich. I\u0161lo o \u0161tandardn\u00fd coming out, kde sme pre\u0161li s rodi\u010dmi v\u0161etk\u00fdmi ot\u00e1zkami typu, \u010di sa mi nie\u010do stalo, kde sa stala chyba. Postupne to, \u017ee som lesba na\u0161i ve\u013emi dobre prijali. S\u00fa v pohode, s\u00fa n\u00e1pomocn\u00ed, moja rodina tento rok pr\u00edde aj na PRIDE. Bolo to \u0165a\u017ek\u00e9 obdobie, ale ove\u013ea lep\u0161ie sa mi \u017eije otvorene. M\u00e1m pocit, \u017ee ke\u010f sa \u013eudia boja otvorene o sebe hovori\u0165, preto\u017ee maj\u00fa strach, \u017ee im niekto ubl\u00ed\u017ei, viac ubli\u017euj\u00fa sami sebe. T\u00fdm, ako na sebe dopustia to tr\u00e1penie, ako sa sami vystavuj\u00fa tomu, \u017ee si musia vym\u00fd\u0161\u013ea\u0165 a klama\u0165.<\/p>\n<p><strong>V kontexte posledn\u00fdch udalost\u00ed, aj homof\u00f3bnych \u00fatokov na uliciach, ako vn\u00edma\u0161 s\u00fa\u010dasn\u00fa situ\u00e1ciu v spolo\u010dnosti vo vz\u0165ahu k LGBTIQ \u013eu\u010fom?<\/strong><\/p>\n<p>Mysl\u00edm, \u017ee sa situ\u00e1cia nezmenila, situ\u00e1cia u\u017e tak\u00e1 bola. Je to v\u00fdsledok predsudkov spolo\u010dnosti, v ktorej \u017eijeme a tie\u017e toho, ak\u00e9 sign\u00e1ly a inform\u00e1cie vysiela mno\u017estvo politikov. Vynikaj\u00face je, \u017ee sa o tom v m\u00e9di\u00e1ch viac hovor\u00ed, ale nen\u00e1vistn\u00e9 \u00fatoky, a to, \u017ee sa \u013eudia nec\u00edtia \u00faplne bezpe\u010dne, to tu bolo aj predt\u00fdm. Nieko\u013ekokr\u00e1t sa aj mne stali nepr\u00edjemn\u00e9 udalosti na verejnosti, ale to sa m\u00f4\u017ee udia\u0165 hocikedy, hocikomu. Treba zachova\u0165 pokoj, ak sa d\u00e1 z tej situ\u00e1cie od\u00eds\u0165 a mysl\u00edm si, \u017ee v\u017edy je dobr\u00e9 zavola\u0165 pol\u00edciu, aby skutky boli adekv\u00e1tne zaznamenan\u00e9.<\/p>\n<p><strong>Na \u010do sa m\u00f4\u017eeme te\u0161i\u0165 na tohtoro\u010dnom PRIDE, ak\u00fd bude program?<\/strong><\/p>\n<p>Ve\u013emi sa te\u0161\u00edme na Korben Dallas, Modr\u00e9 hory a prijali pozvanie aj Sendreiovci. Bude aj t\u00fd\u017ede\u0148 sprievodn\u00fdch udalost\u00ed, \u010dak\u00e1 n\u00e1s teplo na cest\u00e1ch, divadlo, p\u00e1rty, d\u00fahov\u00fd workshop pre mlad\u00fdch, diskusie s v\u00fdznamn\u00fdmi hos\u0165ami.<\/p>\n<p><strong>\u010co by si povedala v\u0161etk\u00fdm \u013eu\u010fom, ak e\u0161te v\u00e1haj\u00fa, \u010di sa z\u00fa\u010dastnia D\u00fahov\u00e9ho PRIDE Bratislava?<\/strong><\/p>\n<p>Pride je jedna z mo\u017enost\u00ed ako poveda\u0165 \u201csme tu\u201d, tak pre\u010do ju nevyu\u017ei\u0165. \u010co nie je vidie\u0165, ako by neexistovalo. Ale my existujeme v tento, ako i v ostatn\u00fdch 364 dn\u00ed roku. Tento de\u0148 je ale v\u00fdnimo\u010dn\u00fd t\u00fdm, \u017ee v\u0161etci spolu a naraz uk\u00e1\u017eeme, \u017ee nielen povinnosti, ale aj pr\u00e1va patria v\u0161etk\u00fdm rovnako. Ak chceme na Slovensku dosiahnu\u0165 zmenu, na\u0161e posolstvo mus\u00ed ma\u0165 silu a k tomu potrebujeme podporu ve\u013ek\u00e9ho mno\u017estva \u013eud\u00ed.<\/p>\n<p><strong>Kto chod\u00ed na D\u00fahov\u00fd Pochod? S\u00fa to len LGBT \u013eudia, alebo aj heterosexu\u00e1lne orientovan\u00ed \u013eudia?<\/strong><\/p>\n<p>Na Pride je to naozaj rozmanit\u00e9. \u010ci u\u017e homosexu\u00e1lne, alebo heterosexu\u00e1lne, ka\u017ed\u00fdm rokom prib\u00fadaj\u00face rodiny. Ve\u013emi sa te\u0161\u00edm, \u017ee st\u00fapa po\u010det mlad\u00fdch \u013eud\u00ed, ktor\u00ed chodia na PRIDE a neraz vidno v sprievode aj vy\u0161\u0161ie ro\u010dn\u00edky. Ve\u013ek\u00fa skupinu tvor\u00ed trans* komunita, tak\u017ee PRIDE je rozmanit\u00fd naprie\u010d vekom, orient\u00e1ciou, rodom, skr\u00e1tka cel\u00e9 spektrum spolo\u010dnosti. Som rada, \u017ee tento de\u0148 patr\u00ed ka\u017ed\u00e9mu. Sme nielen dc\u00e9ry a synovia, s\u00fa tu rodi\u010dia, tety, ujovia, kolegovia&#8230; Mo\u017eno d\u00f4le\u017eitej\u0161ie ako samotn\u00fd de\u0148 PRIDE je to, s \u010d\u00edm odch\u00e1dzame a ako k celej veci pristupujeme v na\u0161ich be\u017en\u00fdch \u017eivotoch a po\u010das v\u0161edn\u00fdch dn\u00ed.<\/p>\n<p><strong>Chcela by si nie\u010do doda\u0165 na z\u00e1ver?<\/strong><\/p>\n<p>Chcem sa po\u010fakova\u0165 cel\u00e9mu PRIDE t\u00edmu za pr\u00e1cu, ktor\u00fa odv\u00e1dzaj\u00fa. Je to vynikaj\u00face spolupracova\u0165 s tak perfektn\u00fdmi \u013eu\u010fmi. Moje \u010fakujem patr\u00ed aj dobrovo\u013en\u00edkom, dobrovo\u013en\u00ed\u010dkam, \u00fa\u010dinkuj\u00facim a ka\u017ed\u00e9mu, kto sa na organiz\u00e1cii podie\u013ea. V neposlednom rade sa chcem po\u010fakova\u0165 Romane Schlesinger, ktor\u00e1 cel\u00fd PRIDE na Slovensku za\u010dala a v\u010faka tomu dnes m\u00f4\u017eeme pokra\u010dova\u0165 tejto aktivite. A moje najv\u00e4\u010d\u0161ie \u010fakujem patr\u00ed v\u0161etk\u00fdm v\u00e1m, ktor\u00ed sa PRIDEu z\u00fa\u010dast\u0148ujete.<\/p>\n","protected":false},"excerpt":{"rendered":"<p>Riadite\u013eka D\u00fahov\u00e9ho PRIDE Bratislava hovor\u00ed o tom, ak\u00e9 to je, organizova\u0165 toto ve\u013ek\u00e9 podujatie.<\/p>\n","protected":false},"author":2,"featured_media":1021,"comment_status":"closed","ping_status":"open","sticky":false,"template":"","format":"standard","meta":{"footnotes":""},"categories":[7,259],"tags":[],"class_list":["post-1019","post","type-post","status-publish","format-standard","has-post-thumbnail","hentry","category-pride","category-rozhovory"],"_links":{"self":[{"href":"https:\/\/duhovyrok.sk\/qys\/wp-json\/wp\/v2\/posts\/1019","targetHints":{"allow":["GET"]}}],"collection":[{"href":"https:\/\/duhovyrok.sk\/qys\/wp-json\/wp\/v2\/posts"}],"about":[{"href":"https:\/\/duhovyrok.sk\/qys\/wp-json\/wp\/v2\/types\/post"}],"author":[{"embeddable":true,"href":"https:\/\/duhovyrok.sk\/qys\/wp-json\/wp\/v2\/users\/2"}],"replies":[{"embeddable":true,"href":"https:\/\/duhovyrok.sk\/qys\/wp-json\/wp\/v2\/comments?post=1019"}],"version-history":[{"count":1,"href":"https:\/\/duhovyrok.sk\/qys\/wp-json\/wp\/v2\/posts\/1019\/revisions"}],"predecessor-version":[{"id":2610,"href":"https:\/\/duhovyrok.sk\/qys\/wp-json\/wp\/v2\/posts\/1019\/revisions\/2610"}],"wp:featuredmedia":[{"embeddable":true,"href":"https:\/\/duhovyrok.sk\/qys\/wp-json\/wp\/v2\/media\/1021"}],"wp:attachment":[{"href":"https:\/\/duhovyrok.sk\/qys\/wp-json\/wp\/v2\/media?parent=1019"}],"wp:term":[{"taxonomy":"category","embeddable":true,"href":"https:\/\/duhovyrok.sk\/qys\/wp-json\/wp\/v2\/categories?post=1019"},{"taxonomy":"post_tag","embeddable":true,"href":"https:\/\/duhovyrok.sk\/qys\/wp-json\/wp\/v2\/tags?post=1019"}],"curies":[{"name":"wp","href":"https:\/\/api.w.org\/{rel}","templated":true}]}}