{"id":10,"date":"2017-11-07T09:53:04","date_gmt":"2017-11-07T08:53:04","guid":{"rendered":"http:\/\/qys.sk\/?p=10"},"modified":"2021-03-18T09:23:29","modified_gmt":"2021-03-18T08:23:29","slug":"daniela-slavik-moj-coming-bol-uplakany-dnes-sa-zda-ze-mama-uz-prijala","status":"publish","type":"post","link":"https:\/\/duhovyrok.sk\/qys\/daniela-slavik-moj-coming-bol-uplakany-dnes-sa-zda-ze-mama-uz-prijala\/","title":{"rendered":"M\u00f4j coming out bol uplakan\u00fd, dnes sa zd\u00e1, \u017ee mama to u\u017e prijala"},"content":{"rendered":"<p><strong>Vydala si knihu o romantickom vz\u0165ahu dvoch \u017eien, otvorene hovor\u00ed\u0161 aj o svojej sexualite a stala si sa tv\u00e1rou kampane, ktor\u00e1 bojuje proti stereotypom. Zmenil sa po tom nejako tvoj \u017eivot?<\/strong><br \/>\nDo ve\u013ekej miery \u00e1no. Som, v \u00favodzovk\u00e1ch, sl\u00e1vnej\u0161ia. Registruje ma viac \u013eud\u00ed a viac \u013eud\u00ed mi p\u00ed\u0161e.<\/p>\n<p><strong>Kto ti p\u00ed\u0161e?<br \/>\n<\/strong>Ve\u013ea diev\u010dat, ktor\u00e9 si k\u00fapili knihu. Zveruj\u00fa sa mi so svojimi osobn\u00fdmi pr\u00edbehmi, p\u00ed\u0161u mi, \u017ee sa v knihe na\u0161li.<\/p>\n<p><strong>\u010co ti p\u00ed\u0161u?<\/strong><br \/>\n\u010casto mi chc\u00fa iba poveda\u0165, \u017ee s\u00fa rady, \u017ee v tom nie s\u00fa sam\u00e9 a \u017ee je super, \u017ee niekto tak\u00fa knihu vydal. S\u00fa to v\u0161ak aj emot\u00edvne spr\u00e1vy, v ktor\u00fdch sa mi zveruj\u00fa so svojimi strachmi.<\/p>\n<p><strong>V tvojej knihe boli v\u0161etky coming outy post\u00e1v pred rodinou nevydaren\u00e9. Je pre LGBT \u013eud\u00ed st\u00e1le probl\u00e9m hovori\u0165 doma o svojej sexualite?<\/strong><br \/>\nNem\u00f4\u017eem hovori\u0165 za v\u0161etky rodiny, ale ja som sa pred nap\u00edsan\u00edm knihy nestretla so \u017eiadnym \u0161\u0165astn\u00fdm coming outom. M\u00f4j bol uplakan\u00fd, coming out mojej priate\u013eky bol tragick\u00fd. A\u017e n\u00e1sledne po vydan\u00ed knihy mi nap\u00edsalo diev\u010da, \u017ee u nich doma\u00a0to bolo okej, rodi\u010dia jej povedali, \u017ee ju aj tak maj\u00fa radi. To ma ve\u013emi pote\u0161ilo.<\/p>\n<p><strong>Ako coming out vyzeral u v\u00e1s doma?<\/strong><br \/>\nBolo to po dvadsiatke, ke\u010f som za\u010dala chodi\u0165 so svojou s\u00fa\u010dasnou priate\u013ekou. Povedala som to mame a t\u00e1 sa rozplakala. Na za\u010diatku to bola ve\u013emi citliv\u00e1 t\u00e9ma. Ona sa o tom nechcela rozpr\u00e1va\u0165, nechcela, aby som o tom niekomu hovorila. Ist\u00fd \u010das ma n\u00fatila to taji\u0165. A tak som to tajila. Bolo to pre m\u0148a ve\u013emi zl\u00e9 a vy\u010derp\u00e1vaj\u00face obdobie.<\/p>\n<div id=\"attachment_3107\" class=\"wp-caption alignright\">\n<p><a href=\"http:\/\/feminist.fyi\/wp-content\/uploads\/2017\/09\/dslaska.jpg\"><img loading=\"lazy\" decoding=\"async\" class=\"wp-image-3107 size-medium\" src=\"http:\/\/feminist.fyi\/wp-content\/uploads\/2017\/09\/dslaska-300x287.jpg\" alt=\"\" width=\"300\" height=\"287\" \/><\/a><\/p>\n<p class=\"wp-caption-text\">Danielinu knihu k\u00fapite napr\u00edklad aj tu:\u00a0<a href=\"https:\/\/www.kompot.sk\/autori\/daniela-slavik\/\">https:\/\/www.kompot.sk\/autori\/daniela-slavik\/<\/a><\/p>\n<\/div>\n<p><strong>Kedy sa to zmenilo?<\/strong><br \/>\nKe\u010f som si povedala, \u017ee je to m\u00f4j \u017eivot. A \u017ee ak to neprij\u00edma, tak to nebudem sili\u0165 a budem si ho \u017ei\u0165 po svojom.<\/p>\n<p><strong>Ako je to teraz?<\/strong><br \/>\nOd coming outu u\u017e ubehlo nieko\u013eko rokov. Mama pozn\u00e1 moju priate\u013eku. Vzala som ju k nej. Ned\u00e1vno som mala prom\u00f3cie a pri\u0161li tam obe. Zd\u00e1 sa, \u017ee v\u0161etko je v poriadku. Ke\u010f zistila, \u017ee sa z mojej strany ni\u010d nemen\u00ed, tak to prijala.<\/p>\n<p><strong>Pripravovala si sa nejako na svoj coming out? Predstavovala si si ako prebehne?<\/strong><br \/>\nNevedela som do \u010doho idem. Ne\u010d\u00edtala som si o tom na internete. Jednoducho som to povedala. Vedela som, \u017ee mo\u017eno nie hne\u010f, ale mo\u017eno \u010dasom to moja mama bude akceptova\u0165.<\/p>\n<p><strong>\u010c\u00edtala tvoju knihu aj mama?<\/strong><br \/>\n\u010c\u00edtala, dokonca sa jej ve\u013emi p\u00e1\u010dila. Donekone\u010dna mi hovor\u00ed, kde sa na\u0161la, \u010do si pod\u010diarkla<\/p>\n<p><strong>Kamar\u00e1ti to prijali ako?<\/strong><br \/>\nV\u00e4\u010d\u0161ina pozit\u00edvne. Hne\u010f sa ma p\u00fdtali, kedy bud\u00fa m\u00f4c\u0165 spozna\u0165 moju priate\u013eku. Zamrzela ma akur\u00e1t reakcia mojej sesternice. Bola prv\u00fd \u010dlovek z rodiny, ktor\u00e9mu som sa zd\u00f4verila. Jej reakcia bola sprvu ve\u013emi vla\u017en\u00e1 a potom ma \u00faplne odp\u00edsala a doteraz nie sme v kontakte.<\/p>\n<p><strong>Nehovorili ste spolu o tom?<\/strong><br \/>\nSna\u017eila som sa, ale ona je ve\u013emi n\u00e1bo\u017eensky zameran\u00e1 a akosi nedo\u0161lo k pochopeniu. Preru\u0161ila som s \u0148ou kontakt, lebo som videla, \u017ee na\u0161e priate\u013estvo je iba hran\u00e9 a p\u00ed\u0161eme si len na narodeniny.<\/p>\n<p><strong>P\u00ed\u0161u ti aj \u013eudia, ktor\u00ed ti nad\u00e1vaj\u00fa alebo \u0165a hejtuj\u00fa?<\/strong><br \/>\nJasn\u00e9. Ke\u010f so mnou vy\u0161iel rozhovor na Noizz.sk, tak pod textom na Facebooku bolo mno\u017estvo koment\u00e1rov. V\u00e4\u010d\u0161inu som ne\u010d\u00edtala. Nechcelo sa mi do toho prispieva\u0165. Lebo ak raz odp\u00ed\u0161em, tak sa to bude dlho \u0165aha\u0165, bude mi to bra\u0165 energiu a hejter to aj tak nepochop\u00ed.<br \/>\nBolo to pre m\u0148a ve\u013emi zl\u00e9 a vy\u010derp\u00e1vaj\u00face obdobie. Ve\u013emi ma v\u0161ak mrzelo, \u017ee k mojej knihe dal niekto na Martinus.sk asi \u0161tyrikr\u00e1t najni\u017e\u0161ie hodnotenie, lebo vraj nechce \u010d\u00edta\u0165 o lesb\u00e1ch a \u017ee tak\u00e1 kniha je \u201cfuj\u201c.<\/p>\n<p><strong>Nesna\u017eili sa \u0165a bl\u00edzki od takej otvorenej knihy odhovori\u0165?<\/strong><br \/>\nNie, lebo nikto nevedel, \u017ee ju p\u00ed\u0161em. Ke\u010f \u010dlovek p\u00ed\u0161e svoju prv\u00fa knihu, tak vlastne nevie, do \u010doho ide. Mus\u00ed ju nap\u00edsa\u0165, oslovi\u0165 vydavate\u013estv\u00e1 a \u010daka\u0165 na odpove\u010f. Tak\u017ee som ve\u013emi neroz\u0161irovala, \u017ee p\u00ed\u0161em knihu. Jedin\u00fd, kto vedel, \u017ee na nej pracujem, bola moja priate\u013eka. V\u0161etci ostatn\u00ed sa o tom dozvedeli a\u017e pred vydan\u00edm.<\/p>\n<p><strong>Hlavn\u00e1 hrdinka m\u00e1 s tebou ve\u013ea spolo\u010dn\u00e9ho. Predstavovala si si v nej seba?<\/strong><br \/>\n\u00c1no, Anabela je do ve\u013ekej miery autobiografick\u00e1 nielen \u010do sa t\u00fdka vz\u0165ahu s Lenou. Som introvert, milujem operu a dokonca som rok pracovala aj ako asistentka r\u00e9\u017eie, tak\u017ee aj t\u00e1to \u010das\u0165 je moja. Kto ma pozn\u00e1 lep\u0161ie, v tej knihe ma n\u00e1jde. Je tam v\u0161ak aj ve\u013ea fikcie.<\/p>\n<p><strong>Viacero post\u00e1v v knihe dos\u0165 kritizovalo cirkev za ich tm\u00e1rstvo vo\u010di LGBT \u013eu\u010fom. Nebolo to ve\u013emi generalizuj\u00face?<\/strong><br \/>\nS\u00fa to my\u0161lienky jednej postavy. Jej n\u00e1zory nemusia by\u0165 spr\u00e1vne a \u00e1no, m\u00f4\u017eu vyznie\u0165 generalizuj\u00faco. Ja viem, \u017ee nie v\u0161etko je \u010dierne alebo biele, ale Mi\u0161, jedna z post\u00e1v, to tak vid\u00ed.<\/p>\n<p><strong>Ve\u013ea tvojich post\u00e1v zva\u017euje dlhodob\u00fd odchod zo Slovenska. Prem\u00fd\u0161\u013ea\u0161 nad n\u00edm aj ty?<\/strong><br \/>\n\u00c1no. U\u017e len z toho d\u00f4vodu, \u017ee ak by som sa chcela so svojou partnerkou zobra\u0165, tak tu sa to ned\u00e1. Jasn\u00e9, majetkov\u00e9 veci sa daj\u00fa vysporiada\u0165 aj inak, ale nie je to len o tom.<\/p>\n<p><strong>Chcela by si svadbu?<\/strong><br \/>\nChcela by som.<\/p>\n<p><strong>LGBT \u013eudia m\u00e1vaj\u00fa \u0165a\u017ek\u00fa pubertu. Ak\u00e1 bola t\u00e1 tvoja?<\/strong><br \/>\nBola som, a vlastne st\u00e1le aj som, ve\u013ek\u00fd introvert. Nerie\u0161ila som vz\u0165ahy s nik\u00fdm. Nebolo to ale pokojn\u00e9 obdobie. Bola som smutn\u00e1, uzavret\u00e1 a ve\u013ea som \u010d\u00edtala.<\/p>\n<p><strong>M\u00e1\u0161 ob\u013e\u00faben\u00fa knihu s LGBT postavami?<\/strong><br \/>\nM\u00e1m, moja ob\u013e\u00faben\u00e1 kniha je Carol od Patricie Highsmith. Film som si zamilovala takisto. Je to pr\u00edbeh<br \/>\nmlad\u00e9ho diev\u010da\u0165a a star\u0161ej \u017eeny, ktor\u00e9 sa do seba zamiluj\u00fa v \u010dase, ke\u010f je to e\u0161te zak\u00e1zan\u00e9.<\/p>\n<p><strong>V jednom zo svojich blogov si sp\u00edsala naj\u010dastej\u0161ie ot\u00e1zky \u013eud\u00ed, ktor\u00ed sa dozvedia, \u017ee si lesba. Ktor\u00e9 k nim patria a ako ich vn\u00edma\u0161?<\/strong><br \/>\nNapr\u00edklad to, \u017ee ak sa vysp\u00edm s mu\u017eom, \u010di to bude moja partnerka vn\u00edma\u0165 ako neveru. To je top. Potom \u010di berieme niekoho do trojky. A ktor\u00e1 z n\u00e1s je mu\u017e. Pritom ani jedna z n\u00e1s nie je mu\u017e. Obe sme predsa \u017eeny. Obe vieme vymeni\u0165 \u017eiarovku a obe si vieme poplaka\u0165.<\/p>\n<p><strong>Hnevaj\u00fa \u0165a tieto ot\u00e1zky?<\/strong><br \/>\nNiekedy si to \u013eudia mo\u017eno neuvedomuj\u00fa, ale do istej miery je to ur\u00e1\u017eaj\u00face. Ob\u010das aj pobavia. Ve\u010f to\u013ekokr\u00e1t som to u\u017e po\u010dula.<\/p>\n<p><strong>V tvojej knihe chodili lesby do kaviarne Sapfo.<br \/>\n<\/strong>Je podobn\u00e1 kaviare\u0148 aj u n\u00e1s? Je to \u010dist\u00e1 fant\u00e1zia. Ale chcela by som tu tak\u00fa. Mysl\u00edm, \u017ee by tu mohla ma\u0165 aj dostato\u010dn\u00fa klientelu. Ak by sa ju diev\u010dat\u00e1 rozhodli nav\u0161tevova\u0165, samozrejme.<\/p>\n<p><strong>P\u00ed\u0161e\u0161 pod pseudonymom. Chcela si p\u00f4vodne zataji\u0165, \u017ee si autorkou?<\/strong><br \/>\nNie, pseudonym nem\u00e1m kv\u00f4li anonymite. M\u00e1m ho pod\u013ea babky, ktor\u00e1 sa volala Sl\u00e1vikov\u00e1 a to meno sa mi p\u00e1\u010dilo.<\/p>\n<p><strong>Hovor\u00ed sa, \u017ee \u013eudia prij\u00edmaj\u00fa LGBT \u013eud\u00ed lep\u0161ie, ak maj\u00fa s niek\u00fdm z tejto komunity osobn\u00fa sk\u00fasenos\u0165 a vidia, \u017ee ide o norm\u00e1lnych \u013eud\u00ed. S\u00fahlas\u00ed\u0161 s t\u00fdm?<\/strong><br \/>\nMysl\u00edm si, \u017ee \u00e1no. V jednej skupine o knih\u00e1ch na Facebooku som sa zozn\u00e1mila so \u017eenou, ktor\u00e1 si chcela ve\u013emi pre\u010d\u00edta\u0165 moju knihu, hoci nevedela, o \u010dom je. K\u00fapila si ju a potom mi nap\u00edsala, \u017ee je to siln\u00fd pr\u00edbeh a \u017ee nikdy nebola za ani proti lesb\u00e1m, ale teraz m\u00e1 na to \u00faplne in\u00fd poh\u013ead. Ne\u010dakala, \u017ee ju nie\u010do presved\u010d\u00ed.<\/p>\n<p><strong>A \u010do hovor\u00ed\u0161 na ve\u010dn\u00fd spor okolo slov lesba a lesbi\u010dka?<br \/>\n<\/strong>Nevid\u00edm v tom ve\u013ek\u00fd rozdiel. Raz pou\u017eijem jedno, inokedy druh\u00e9. Ve\u010f v\u0161etci vieme, \u010do tie slov\u00e1 znamenaj\u00fa, nie?<\/p>\n<p>Text: Ria Gehrerov\u00e1<br \/>\nFoto: \u0160ima M\u00fcller<\/p>\n","protected":false},"excerpt":{"rendered":"<p>Rozhovor s autorkou knihy L\u00e1ska je l\u00e1ska.<\/p>\n","protected":false},"author":4,"featured_media":12,"comment_status":"open","ping_status":"open","sticky":false,"template":"","format":"standard","meta":{"footnotes":""},"categories":[2,6,259],"tags":[],"class_list":["post-10","post","type-post","status-publish","format-standard","has-post-thumbnail","hentry","category-comingout","category-pribehy-lgbti-ludi","category-rozhovory"],"_links":{"self":[{"href":"https:\/\/duhovyrok.sk\/qys\/wp-json\/wp\/v2\/posts\/10","targetHints":{"allow":["GET"]}}],"collection":[{"href":"https:\/\/duhovyrok.sk\/qys\/wp-json\/wp\/v2\/posts"}],"about":[{"href":"https:\/\/duhovyrok.sk\/qys\/wp-json\/wp\/v2\/types\/post"}],"author":[{"embeddable":true,"href":"https:\/\/duhovyrok.sk\/qys\/wp-json\/wp\/v2\/users\/4"}],"replies":[{"embeddable":true,"href":"https:\/\/duhovyrok.sk\/qys\/wp-json\/wp\/v2\/comments?post=10"}],"version-history":[{"count":1,"href":"https:\/\/duhovyrok.sk\/qys\/wp-json\/wp\/v2\/posts\/10\/revisions"}],"predecessor-version":[{"id":2640,"href":"https:\/\/duhovyrok.sk\/qys\/wp-json\/wp\/v2\/posts\/10\/revisions\/2640"}],"wp:featuredmedia":[{"embeddable":true,"href":"https:\/\/duhovyrok.sk\/qys\/wp-json\/wp\/v2\/media\/12"}],"wp:attachment":[{"href":"https:\/\/duhovyrok.sk\/qys\/wp-json\/wp\/v2\/media?parent=10"}],"wp:term":[{"taxonomy":"category","embeddable":true,"href":"https:\/\/duhovyrok.sk\/qys\/wp-json\/wp\/v2\/categories?post=10"},{"taxonomy":"post_tag","embeddable":true,"href":"https:\/\/duhovyrok.sk\/qys\/wp-json\/wp\/v2\/tags?post=10"}],"curies":[{"name":"wp","href":"https:\/\/api.w.org\/{rel}","templated":true}]}}